{"id":964,"date":"2023-07-05T16:56:21","date_gmt":"2023-07-05T16:56:21","guid":{"rendered":"http:\/\/www.projectesepia.com\/blog\/?p=964"},"modified":"2023-09-06T11:46:30","modified_gmt":"2023-09-06T11:46:30","slug":"jornada-de-voluntariat-2023","status":"publish","type":"post","link":"http:\/\/www.projectesepia.com\/blog\/divulgacio\/jornada-de-voluntariat-2023\/","title":{"rendered":"Jornada de voluntariat 2023"},"content":{"rendered":"<p>[et_pb_section fb_built=\u00bb1&#8243; _builder_version=\u00bb4.22.1&#8243; _module_preset=\u00bbdefault\u00bb custom_padding=\u00bb4px|||||\u00bb global_colors_info=\u00bb{}\u00bb theme_builder_area=\u00bbpost_content\u00bb][et_pb_row _builder_version=\u00bb4.22.1&#8243; _module_preset=\u00bbdefault\u00bb global_colors_info=\u00bb{}\u00bb theme_builder_area=\u00bbpost_content\u00bb][et_pb_column type=\u00bb4_4&#8243; _builder_version=\u00bb4.22.1&#8243; _module_preset=\u00bbdefault\u00bb global_colors_info=\u00bb{}\u00bb theme_builder_area=\u00bbpost_content\u00bb][et_pb_text _builder_version=\u00bb4.22.1&#8243; _module_preset=\u00bbdefault\u00bb text_font=\u00bbLato||||||||\u00bb text_font_size=\u00bb21px\u00bb hover_enabled=\u00bb0&#8243; global_colors_info=\u00bb{}\u00bb theme_builder_area=\u00bbpost_content\u00bb sticky_enabled=\u00bb0&#8243;]<\/p>\n<p>La setmana passada vam comptar ous de s\u00e8pia i de calamar amb els nostres voluntaris i amb els amics de Gisfera.<\/p>\n<p>Vam poder parlar una estona amb en Joan, un dels pescadors d&#8217;Empesca&#8217;t (i patr\u00f3 de la Confraria de l&#8217;Estartit) que ens va explicar un munt de coses del m\u00f3n de la pesca artesanal.<\/p>\n<p>Aquesta activitat s&#8217;enmarca dins del projecte #Educas\u00e8pia, un projecte cofinan\u00e7at pel Fons Europeu Mar\u00edtim i de la Pesca i pel <a href=\"https:\/\/www.galpcostabrava.cat\/\">Galp Costa Brava<\/a>.<\/p>\n<p>&nbsp;<\/p>\n<p>Us deixem un v\u00eddeo de la jornada!<\/p>\n<p>[\/et_pb_text][et_pb_video src=\u00bbhttps:\/\/youtu.be\/atVuRHtg-bg?si=Z8rBrGvoW1qC3Q3n\u00bb _builder_version=\u00bb4.22.1&#8243; _module_preset=\u00bbdefault\u00bb theme_builder_area=\u00bbpost_content\u00bb hover_enabled=\u00bb0&#8243; sticky_enabled=\u00bb0&#8243;][\/et_pb_video][\/et_pb_column][\/et_pb_row][\/et_pb_section]<\/p>\n","protected":false},"excerpt":{"rendered":"<p>La setmana passada vam comptar ous de s\u00e8pia i de calamar amb els nostres voluntaris i amb els amics de Gisfera. Vam poder parlar una estona amb en Joan, un dels pescadors d&#8217;Empesca&#8217;t (i patr\u00f3 de la Confraria de l&#8217;Estartit) que ens va explicar un munt de coses del m\u00f3n de la pesca artesanal. Aquesta [&hellip;]<\/p>\n","protected":false},"author":1,"featured_media":968,"comment_status":"open","ping_status":"open","sticky":false,"template":"","format":"standard","meta":{"_et_pb_use_builder":"on","_et_pb_old_content":"","_et_gb_content_width":"","footnotes":""},"categories":[4,21,22,28,23],"tags":[],"aioseo_notices":[],"_links":{"self":[{"href":"http:\/\/www.projectesepia.com\/blog\/wp-json\/wp\/v2\/posts\/964"}],"collection":[{"href":"http:\/\/www.projectesepia.com\/blog\/wp-json\/wp\/v2\/posts"}],"about":[{"href":"http:\/\/www.projectesepia.com\/blog\/wp-json\/wp\/v2\/types\/post"}],"author":[{"embeddable":true,"href":"http:\/\/www.projectesepia.com\/blog\/wp-json\/wp\/v2\/users\/1"}],"replies":[{"embeddable":true,"href":"http:\/\/www.projectesepia.com\/blog\/wp-json\/wp\/v2\/comments?post=964"}],"version-history":[{"count":3,"href":"http:\/\/www.projectesepia.com\/blog\/wp-json\/wp\/v2\/posts\/964\/revisions"}],"predecessor-version":[{"id":970,"href":"http:\/\/www.projectesepia.com\/blog\/wp-json\/wp\/v2\/posts\/964\/revisions\/970"}],"wp:featuredmedia":[{"embeddable":true,"href":"http:\/\/www.projectesepia.com\/blog\/wp-json\/wp\/v2\/media\/968"}],"wp:attachment":[{"href":"http:\/\/www.projectesepia.com\/blog\/wp-json\/wp\/v2\/media?parent=964"}],"wp:term":[{"taxonomy":"category","embeddable":true,"href":"http:\/\/www.projectesepia.com\/blog\/wp-json\/wp\/v2\/categories?post=964"},{"taxonomy":"post_tag","embeddable":true,"href":"http:\/\/www.projectesepia.com\/blog\/wp-json\/wp\/v2\/tags?post=964"}],"curies":[{"name":"wp","href":"https:\/\/api.w.org\/{rel}","templated":true}]}}