{"id":804,"date":"2023-07-25T19:14:01","date_gmt":"2023-07-25T19:14:01","guid":{"rendered":"http:\/\/www.projectesepia.com\/blog\/?p=804"},"modified":"2023-09-06T14:57:03","modified_gmt":"2023-09-06T14:57:03","slug":"descobreix-el-mon-de-la-pesca-artesanal-responsable","status":"publish","type":"post","link":"http:\/\/www.projectesepia.com\/blog\/divulgacio\/descobreix-el-mon-de-la-pesca-artesanal-responsable\/","title":{"rendered":"Descobreix el m\u00f3n de la pesca artesanal responsable"},"content":{"rendered":"<p>[et_pb_section fb_built=\u00bb1&#8243; _builder_version=\u00bb4.22.1&#8243; _module_preset=\u00bbdefault\u00bb custom_padding=\u00bb||24px|||\u00bb global_colors_info=\u00bb{}\u00bb][et_pb_row _builder_version=\u00bb4.22.1&#8243; _module_preset=\u00bbdefault\u00bb custom_padding=\u00bb5px|||||\u00bb global_colors_info=\u00bb{}\u00bb][et_pb_column type=\u00bb4_4&#8243; _builder_version=\u00bb4.22.1&#8243; _module_preset=\u00bbdefault\u00bb global_colors_info=\u00bb{}\u00bb][et_pb_text _builder_version=\u00bb4.22.1&#8243; _module_preset=\u00bbdefault\u00bb text_font_size=\u00bb21px\u00bb header_4_font=\u00bb|700|||||||\u00bb hover_enabled=\u00bb0&#8243; global_colors_info=\u00bb{}\u00bb sticky_enabled=\u00bb0&#8243;]<\/p>\n<p style=\"text-align: justify;\"><img decoding=\"async\" src=\"http:\/\/www.projectesepia.com\/blog\/wp-content\/themes\/Divi\/includes\/builder\/frontend-builder\/assets\/vendors\/plugins\/emoticons\/img\/smiley-cool.gif\" alt=\"cool\" \/><img decoding=\"async\" src=\"http:\/\/www.projectesepia.com\/blog\/wp-content\/themes\/Divi\/includes\/builder\/frontend-builder\/assets\/vendors\/plugins\/emoticons\/img\/smiley-cool.gif\" alt=\"cool\" \/> Aquest agost us proposem una activitat molt especial&#8230; <strong>descobrir el m\u00f3n de la pesca artesanal responsable<\/strong> visitant als pescadors de l&#8217;Estartit. Els anirem a veure mentre treballen i podrem gaudir dels paisatges marins del #PNMontgr\u00ed a bord de la <a href=\"https:\/\/www.barcanuria.com\/ca\/sortida-amb-pescadors-estartit\">barca N\u00faria.<\/a><\/p>\n<p style=\"text-align: justify;\">Ens trobarem al port de l\u2019Estartit uns minuts abans de les 7h del mat\u00ed i ens embarcarem amb la N\u00faria. Ens acostarem a les petites barques de pesca que encara queden a l\u2019Estartit, mentre lleven les arts que hauran calat el dia abans.<\/p>\n<p style=\"text-align: justify;\">Podrem interactuar amb els pescadors i, si han tingut sort, ens ensenyaran el que han pescat i ens explicaran el funcionament de les arts que han fet servir.<\/p>\n<p style=\"text-align: justify;\">Tamb\u00e9 explicarem la tasca que fan amb el Projecte S\u00e8pia per assegurar la reproducci\u00f3 de les s\u00e8pies i la incorporaci\u00f3 de juvenils a les poblacions de les badies de Pals i Roses.<\/p>\n<p>[\/et_pb_text][\/et_pb_column][\/et_pb_row][et_pb_row _builder_version=\u00bb4.22.1&#8243; _module_preset=\u00bbdefault\u00bb global_colors_info=\u00bb{}\u00bb][et_pb_column type=\u00bb4_4&#8243; _builder_version=\u00bb4.22.1&#8243; _module_preset=\u00bbdefault\u00bb global_colors_info=\u00bb{}\u00bb][et_pb_video src=\u00bbhttps:\/\/youtu.be\/kdENU7_LC_U\u00bb _builder_version=\u00bb4.22.1&#8243; _module_preset=\u00bbdefault\u00bb global_colors_info=\u00bb{}\u00bb][\/et_pb_video][et_pb_text _builder_version=\u00bb4.22.1&#8243; _module_preset=\u00bbdefault\u00bb custom_padding=\u00bb32px|||||\u00bb global_colors_info=\u00bb{}\u00bb]<\/p>\n<h2>Us interessaria con\u00e8ixer el passat, present i futur de la pesca a l\u2019Estartit? Si la resposta \u00e9s s\u00ed, aquesta \u00e9s la vostra sortida!<\/h2>\n<p>[\/et_pb_text][\/et_pb_column][\/et_pb_row][et_pb_row column_structure=\u00bb1_2,1_2&#8243; _builder_version=\u00bb4.22.1&#8243; _module_preset=\u00bbdefault\u00bb global_colors_info=\u00bb{}\u00bb][et_pb_column type=\u00bb1_2&#8243; _builder_version=\u00bb4.22.1&#8243; _module_preset=\u00bbdefault\u00bb global_colors_info=\u00bb{}\u00bb][et_pb_icon font_icon=\u00bb&#xe06b;||divi||400&#8243; icon_color=\u00bb#E09900&#8243; icon_width=\u00bb60px\u00bb _builder_version=\u00bb4.22.1&#8243; _module_preset=\u00bbdefault\u00bb global_colors_info=\u00bb{}\u00bb][\/et_pb_icon][et_pb_text _builder_version=\u00bb4.22.1&#8243; _module_preset=\u00bbdefault\u00bb text_font=\u00bb|800|||||||\u00bb global_colors_info=\u00bb{}\u00bb]<\/p>\n<p style=\"text-align: center;\">Sortides: dimecres a les 7h del mat\u00ed.<\/p>\n<p style=\"text-align: center;\">Consulteu-nos dies disponibles.<\/p>\n<p>[\/et_pb_text][\/et_pb_column][et_pb_column type=\u00bb1_2&#8243; _builder_version=\u00bb4.22.1&#8243; _module_preset=\u00bbdefault\u00bb global_colors_info=\u00bb{}\u00bb][et_pb_icon font_icon=\u00bb&#xf51e;||fa||900&#8243; icon_color=\u00bb#E09900&#8243; icon_width=\u00bb60px\u00bb _builder_version=\u00bb4.22.1&#8243; _module_preset=\u00bbdefault\u00bb global_colors_info=\u00bb{}\u00bb][\/et_pb_icon][et_pb_text _builder_version=\u00bb4.22.1&#8243; _module_preset=\u00bbdefault\u00bb text_font=\u00bb|800|||||||\u00bb global_colors_info=\u00bb{}\u00bb]<\/p>\n<p style=\"text-align: center;\">Preu adult (majors d\u2019 11 anys): 39\u20ac.<\/p>\n<p style=\"text-align: center;\">Preu menors d\u201911 anys: 25\u20ac.<\/p>\n<p>[\/et_pb_text][\/et_pb_column][\/et_pb_row][et_pb_row _builder_version=\u00bb4.22.1&#8243; _module_preset=\u00bbdefault\u00bb global_colors_info=\u00bb{}\u00bb][et_pb_column type=\u00bb4_4&#8243; _builder_version=\u00bb4.22.1&#8243; _module_preset=\u00bbdefault\u00bb global_colors_info=\u00bb{}\u00bb][et_pb_button button_url=\u00bbhttps:\/\/www.barcanuria.com\/ca\/sortida-amb-pescadors-estartit\u00bb url_new_window=\u00bbon\u00bb button_text=\u00bbReserva la teva pla\u00e7a\u00bb button_alignment=\u00bbcenter\u00bb _builder_version=\u00bb4.22.1&#8243; _module_preset=\u00bbdefault\u00bb custom_button=\u00bbon\u00bb button_text_color=\u00bb#FFFFFF\u00bb button_bg_color=\u00bb#E09900&#8243; button_border_radius=\u00bb28px\u00bb button_font=\u00bbLato|900||on|||||\u00bb animation_style=\u00bbbounce\u00bb hover_enabled=\u00bb0&#8243; global_colors_info=\u00bb{}\u00bb sticky_enabled=\u00bb0&#8243;][\/et_pb_button][\/et_pb_column][\/et_pb_row][\/et_pb_section]<\/p>\n","protected":false},"excerpt":{"rendered":"<p>Aquest agost us proposem una activitat molt especial&#8230; descobrir el m\u00f3n de la pesca artesanal responsable visitant als pescadors de l&#8217;Estartit. Els anirem a veure mentre treballen i podrem gaudir dels paisatges marins del #PNMontgr\u00ed a bord de la barca N\u00faria. Ens trobarem al port de l\u2019Estartit uns minuts abans de les 7h del mat\u00ed [&hellip;]<\/p>\n","protected":false},"author":1,"featured_media":806,"comment_status":"open","ping_status":"open","sticky":false,"template":"","format":"standard","meta":{"_et_pb_use_builder":"on","_et_pb_old_content":"","_et_gb_content_width":"","footnotes":""},"categories":[42,4,22,36,28],"tags":[],"aioseo_notices":[],"_links":{"self":[{"href":"http:\/\/www.projectesepia.com\/blog\/wp-json\/wp\/v2\/posts\/804"}],"collection":[{"href":"http:\/\/www.projectesepia.com\/blog\/wp-json\/wp\/v2\/posts"}],"about":[{"href":"http:\/\/www.projectesepia.com\/blog\/wp-json\/wp\/v2\/types\/post"}],"author":[{"embeddable":true,"href":"http:\/\/www.projectesepia.com\/blog\/wp-json\/wp\/v2\/users\/1"}],"replies":[{"embeddable":true,"href":"http:\/\/www.projectesepia.com\/blog\/wp-json\/wp\/v2\/comments?post=804"}],"version-history":[{"count":9,"href":"http:\/\/www.projectesepia.com\/blog\/wp-json\/wp\/v2\/posts\/804\/revisions"}],"predecessor-version":[{"id":1098,"href":"http:\/\/www.projectesepia.com\/blog\/wp-json\/wp\/v2\/posts\/804\/revisions\/1098"}],"wp:featuredmedia":[{"embeddable":true,"href":"http:\/\/www.projectesepia.com\/blog\/wp-json\/wp\/v2\/media\/806"}],"wp:attachment":[{"href":"http:\/\/www.projectesepia.com\/blog\/wp-json\/wp\/v2\/media?parent=804"}],"wp:term":[{"taxonomy":"category","embeddable":true,"href":"http:\/\/www.projectesepia.com\/blog\/wp-json\/wp\/v2\/categories?post=804"},{"taxonomy":"post_tag","embeddable":true,"href":"http:\/\/www.projectesepia.com\/blog\/wp-json\/wp\/v2\/tags?post=804"}],"curies":[{"name":"wp","href":"https:\/\/api.w.org\/{rel}","templated":true}]}}