{"id":720,"date":"2023-01-04T16:00:55","date_gmt":"2023-01-04T16:00:55","guid":{"rendered":"http:\/\/www.projectesepia.com\/blog\/?p=720"},"modified":"2023-08-31T16:02:46","modified_gmt":"2023-08-31T16:02:46","slug":"empescat-comenca-a-comercialitzar-el-seu-producte","status":"publish","type":"post","link":"http:\/\/www.projectesepia.com\/blog\/pesca-sostenible\/empescat-comenca-a-comercialitzar-el-seu-producte\/","title":{"rendered":"Empesca&#8217;t comen\u00e7a a comercialitzar el seu producte"},"content":{"rendered":"<p>[et_pb_section fb_built=\u00bb1&#8243; theme_builder_area=\u00bbpost_content\u00bb _builder_version=\u00bb4.22.1&#8243; _module_preset=\u00bbdefault\u00bb hover_enabled=\u00bb0&#8243; sticky_enabled=\u00bb0&#8243; custom_padding=\u00bb4px|||||\u00bb][et_pb_row _builder_version=\u00bb4.22.1&#8243; _module_preset=\u00bbdefault\u00bb theme_builder_area=\u00bbpost_content\u00bb][et_pb_column _builder_version=\u00bb4.22.1&#8243; _module_preset=\u00bbdefault\u00bb type=\u00bb4_4&#8243; theme_builder_area=\u00bbpost_content\u00bb][et_pb_image src=\u00bbhttp:\/\/www.projectesepia.com\/blog\/wp-content\/uploads\/2023\/08\/empescat.png\u00bb _builder_version=\u00bb4.22.1&#8243; _module_preset=\u00bbdefault\u00bb theme_builder_area=\u00bbpost_content\u00bb title_text=\u00bbempescat\u00bb max_height=\u00bb208px\u00bb min_height=\u00bb205px\u00bb height=\u00bb208px\u00bb hover_enabled=\u00bb0&#8243; sticky_enabled=\u00bb0&#8243; align=\u00bbcenter\u00bb][\/et_pb_image][et_pb_text _builder_version=\u00bb4.22.1&#8243; _module_preset=\u00bbdefault\u00bb theme_builder_area=\u00bbpost_content\u00bb text_font=\u00bbLato||||||||\u00bb text_font_size=\u00bb21px\u00bb hover_enabled=\u00bb0&#8243; sticky_enabled=\u00bb0&#8243;]<\/p>\n<p>Una de les potes del Projecte S\u00e8pia \u00e9s fomentar l&#8217;economia local i per aix\u00f2 estem molt orgullosos d&#8217;aquest pas de gegant que han donat els pescadors artesanals del Projecte!<\/p>\n<p>\u00a0Aprofita aquest dies per mirar aquest dos documentals que tenen com a protagonistes als pescadors de Empesca&#8217;t.<\/p>\n<p>[\/et_pb_text][\/et_pb_column][\/et_pb_row][et_pb_row _builder_version=\u00bb4.22.1&#8243; _module_preset=\u00bbdefault\u00bb column_structure=\u00bb1_2,1_2&#8243; theme_builder_area=\u00bbpost_content\u00bb][et_pb_column _builder_version=\u00bb4.22.1&#8243; _module_preset=\u00bbdefault\u00bb type=\u00bb1_2&#8243; theme_builder_area=\u00bbpost_content\u00bb][et_pb_video src=\u00bbhttps:\/\/www.youtube.com\/watch?v=jmJmmtRUwic\u00bb _builder_version=\u00bb4.22.1&#8243; _module_preset=\u00bbdefault\u00bb theme_builder_area=\u00bbpost_content\u00bb hover_enabled=\u00bb0&#8243; sticky_enabled=\u00bb0&#8243;][\/et_pb_video][et_pb_text _builder_version=\u00bb4.22.1&#8243; _module_preset=\u00bbdefault\u00bb theme_builder_area=\u00bbpost_content\u00bb hover_enabled=\u00bb0&#8243; sticky_enabled=\u00bb0&#8243; text_font_size=\u00bb16px\u00bb header_text_color=\u00bb#E09900&#8243; header_2_text_color=\u00bb#E09900&#8243; header_2_text_align=\u00bbcenter\u00bb]<\/p>\n<h2><strong>La hist\u00f2ria de Empesca&#8217;t<\/strong><\/h2>\n<p style=\"text-align: justify;\">Com i perqu\u00e8 els pescadors artesanals han comen\u00e7at un sistema de venda directa i una marca de qualitat, sostenibilitat i comer\u00e7 just dels productes dels pescadors artesanals de l&#8217;Estartit i que funciona satisfact\u00f2riament des del passat mes de juny.<\/p>\n<p>[\/et_pb_text][\/et_pb_column][et_pb_column _builder_version=\u00bb4.22.1&#8243; _module_preset=\u00bbdefault\u00bb type=\u00bb1_2&#8243; theme_builder_area=\u00bbpost_content\u00bb][et_pb_video src=\u00bbhttps:\/\/www.youtube.com\/watch?v=AbsNfmTekmw&#038;t=36s\u00bb _builder_version=\u00bb4.22.1&#8243; _module_preset=\u00bbdefault\u00bb theme_builder_area=\u00bbpost_content\u00bb hover_enabled=\u00bb0&#8243; sticky_enabled=\u00bb0&#8243;][\/et_pb_video][et_pb_text _builder_version=\u00bb4.22.1&#8243; _module_preset=\u00bbdefault\u00bb theme_builder_area=\u00bbpost_content\u00bb hover_enabled=\u00bb0&#8243; sticky_enabled=\u00bb0&#8243; text_font_size=\u00bb16px\u00bb header_text_color=\u00bb#E09900&#8243; header_2_text_color=\u00bb#E09900&#8243; header_2_text_align=\u00bbcenter\u00bb header_3_text_color=\u00bb#E09900&#8243;]<\/p>\n<h3 style=\"text-align: center;\"><strong>Sentinels of the Mediterranean<\/strong><\/h3>\n<p style=\"text-align: justify;\">Coneix al Yassine, un ocean\u00f2graf tunisi\u00e0; a la Nicole, una cient\u00edfica ; i a l&#8217;Isaac, el nostre company de Projecte S\u00e8pia.<\/p>\n<p style=\"text-align: justify;\">Tres herois de la vida quotidiana impulsats pel mateix objectiu: la protecci\u00f3 del Mediterrani.<\/p>\n<p>[\/et_pb_text][\/et_pb_column][\/et_pb_row][\/et_pb_section]<\/p>\n","protected":false},"excerpt":{"rendered":"<p>Una de les potes del Projecte S\u00e8pia \u00e9s fomentar l&#8217;economia local i per aix\u00f2 estem molt orgullosos d&#8217;aquest pas de gegant que han donat els pescadors artesanals del Projecte! \u00a0Aprofita aquest dies per mirar aquest dos documentals que tenen com a protagonistes als pescadors de Empesca&#8217;t.La hist\u00f2ria de Empesca&#8217;t Com i perqu\u00e8 els pescadors artesanals [&hellip;]<\/p>\n","protected":false},"author":1,"featured_media":0,"comment_status":"open","ping_status":"open","sticky":false,"template":"","format":"standard","meta":{"_et_pb_use_builder":"on","_et_pb_old_content":"","_et_gb_content_width":"","footnotes":""},"categories":[22],"tags":[],"aioseo_notices":[],"_links":{"self":[{"href":"http:\/\/www.projectesepia.com\/blog\/wp-json\/wp\/v2\/posts\/720"}],"collection":[{"href":"http:\/\/www.projectesepia.com\/blog\/wp-json\/wp\/v2\/posts"}],"about":[{"href":"http:\/\/www.projectesepia.com\/blog\/wp-json\/wp\/v2\/types\/post"}],"author":[{"embeddable":true,"href":"http:\/\/www.projectesepia.com\/blog\/wp-json\/wp\/v2\/users\/1"}],"replies":[{"embeddable":true,"href":"http:\/\/www.projectesepia.com\/blog\/wp-json\/wp\/v2\/comments?post=720"}],"version-history":[{"count":2,"href":"http:\/\/www.projectesepia.com\/blog\/wp-json\/wp\/v2\/posts\/720\/revisions"}],"predecessor-version":[{"id":723,"href":"http:\/\/www.projectesepia.com\/blog\/wp-json\/wp\/v2\/posts\/720\/revisions\/723"}],"wp:attachment":[{"href":"http:\/\/www.projectesepia.com\/blog\/wp-json\/wp\/v2\/media?parent=720"}],"wp:term":[{"taxonomy":"category","embeddable":true,"href":"http:\/\/www.projectesepia.com\/blog\/wp-json\/wp\/v2\/categories?post=720"},{"taxonomy":"post_tag","embeddable":true,"href":"http:\/\/www.projectesepia.com\/blog\/wp-json\/wp\/v2\/tags?post=720"}],"curies":[{"name":"wp","href":"https:\/\/api.w.org\/{rel}","templated":true}]}}