{"id":313,"date":"2019-07-17T16:40:53","date_gmt":"2019-07-17T16:40:53","guid":{"rendered":"http:\/\/www.projectesepia.com\/blog\/?p=313"},"modified":"2023-08-31T16:05:51","modified_gmt":"2023-08-31T16:05:51","slug":"viu-el-projecte-sepia-tambe-a-lagost","status":"publish","type":"post","link":"http:\/\/www.projectesepia.com\/blog\/sepieres\/sepieres-visitables\/viu-el-projecte-sepia-tambe-a-lagost\/","title":{"rendered":"Viu el Projecte S\u00e8pia tamb\u00e9 a l&#8217;agost"},"content":{"rendered":"<p style=\"text-align: justify;\">Com viuen les sepies? Quants ous poden posar? Com afavorim la seva reproducci\u00f3? Presentaci\u00f3 del Projecte S\u00e8pia i, si la mar ho permet, nedarem fins a les sepieres visitables.<\/p>\n<p>\u00c9s una activitat gratu\u00efta, promoguda per <a href=\"https:\/\/www.facebook.com\/EscalaMunicipal\/\" target=\"_blank\" rel=\"noopener\">Ajuntament de l&#8217;Escala<\/a>. L&#8217;inscripci\u00f3 \u00e9s obligat\u00f2ria al \u260e\ufe0f972.77.06.03 fins a 2 dies abans de l\u2019activitat.<\/p>\n<p>Places limitades. Cal saber nedar. Els menors han d\u2019estar acompanyats d\u2019un adult nedador ?\u200d?\u200d??\u200d?. Cal portar ulleres i tub.<\/p>\n<p>?11 Agost &#8211;\u00a08:00<br \/>\n?L&#8217;Escala<br \/>\n?Activitat gratu\u00efta<br \/>\n?Informaci\u00f3 e inscripcions: 972.77.06.03 i\u00a0<a href=\"http:\/\/www.lescala.cat\/ca\/agenda\/viu-el-projecte-sepia\/_id:1764\/\">web de l&#8217;Ajuntament de l&#8217;Escala.<\/a><br \/>\n\u2757\u2757Inscripcions fins al 9 d&#8217;agost<\/p>\n<p style=\"text-align: justify;\"><a href=\"http:\/\/www.projectesepia.com\/blog\/wp-content\/uploads\/2019\/07\/PS-FB-11-08-viu-el-projecte-s\u00e8pia.png\"><img decoding=\"async\" loading=\"lazy\" class=\"aligncenter size-full wp-image-317\" src=\"http:\/\/www.projectesepia.com\/blog\/wp-content\/uploads\/2019\/07\/PS-FB-11-08-viu-el-projecte-s\u00e8pia.png\" alt=\"PS FB 11 08 viu el projecte s\u00e8pia\" width=\"940\" height=\"788\" srcset=\"http:\/\/www.projectesepia.com\/blog\/wp-content\/uploads\/2019\/07\/PS-FB-11-08-viu-el-projecte-s\u00e8pia.png 940w, http:\/\/www.projectesepia.com\/blog\/wp-content\/uploads\/2019\/07\/PS-FB-11-08-viu-el-projecte-s\u00e8pia-300x251.png 300w, http:\/\/www.projectesepia.com\/blog\/wp-content\/uploads\/2019\/07\/PS-FB-11-08-viu-el-projecte-s\u00e8pia-768x644.png 768w\" sizes=\"(max-width: 940px) 100vw, 940px\" \/><\/a><a href=\"http:\/\/www.projectesepia.com\/blog\/wp-content\/uploads\/2019\/07\/viu-el-projecte-s\u00e8pia-11agost.png\"><br \/>\n<\/a><\/p>\n","protected":false},"excerpt":{"rendered":"<p>Com viuen les sepies? Quants ous poden posar? Com afavorim la seva reproducci\u00f3? Presentaci\u00f3 del Projecte S\u00e8pia i, si la mar ho permet, nedarem fins a les sepieres visitables. \u00c9s una activitat gratu\u00efta, promoguda per Ajuntament de l&#8217;Escala. L&#8217;inscripci\u00f3 \u00e9s obligat\u00f2ria al \u260e\ufe0f972.77.06.03 fins a 2 dies abans de l\u2019activitat. Places limitades. Cal saber nedar. [&hellip;]<\/p>\n","protected":false},"author":1,"featured_media":317,"comment_status":"open","ping_status":"open","sticky":false,"template":"","format":"standard","meta":{"_et_pb_use_builder":"","_et_pb_old_content":"","_et_gb_content_width":"","footnotes":""},"categories":[36,13,28],"tags":[],"aioseo_notices":[],"_links":{"self":[{"href":"http:\/\/www.projectesepia.com\/blog\/wp-json\/wp\/v2\/posts\/313"}],"collection":[{"href":"http:\/\/www.projectesepia.com\/blog\/wp-json\/wp\/v2\/posts"}],"about":[{"href":"http:\/\/www.projectesepia.com\/blog\/wp-json\/wp\/v2\/types\/post"}],"author":[{"embeddable":true,"href":"http:\/\/www.projectesepia.com\/blog\/wp-json\/wp\/v2\/users\/1"}],"replies":[{"embeddable":true,"href":"http:\/\/www.projectesepia.com\/blog\/wp-json\/wp\/v2\/comments?post=313"}],"version-history":[{"count":4,"href":"http:\/\/www.projectesepia.com\/blog\/wp-json\/wp\/v2\/posts\/313\/revisions"}],"predecessor-version":[{"id":471,"href":"http:\/\/www.projectesepia.com\/blog\/wp-json\/wp\/v2\/posts\/313\/revisions\/471"}],"wp:featuredmedia":[{"embeddable":true,"href":"http:\/\/www.projectesepia.com\/blog\/wp-json\/wp\/v2\/media\/317"}],"wp:attachment":[{"href":"http:\/\/www.projectesepia.com\/blog\/wp-json\/wp\/v2\/media?parent=313"}],"wp:term":[{"taxonomy":"category","embeddable":true,"href":"http:\/\/www.projectesepia.com\/blog\/wp-json\/wp\/v2\/categories?post=313"},{"taxonomy":"post_tag","embeddable":true,"href":"http:\/\/www.projectesepia.com\/blog\/wp-json\/wp\/v2\/tags?post=313"}],"curies":[{"name":"wp","href":"https:\/\/api.w.org\/{rel}","templated":true}]}}