{"id":301,"date":"2019-07-17T15:21:25","date_gmt":"2019-07-17T15:21:25","guid":{"rendered":"http:\/\/www.projectesepia.com\/blog\/?p=301"},"modified":"2023-08-27T09:26:29","modified_gmt":"2023-08-27T09:26:29","slug":"viu-el-projecte-sepia","status":"publish","type":"post","link":"http:\/\/www.projectesepia.com\/blog\/divulgacio\/viu-el-projecte-sepia\/","title":{"rendered":"Viu el Projecte S\u00e8pia"},"content":{"rendered":"<p>Cansat de anar a la\u00a0platja\u00a0nom\u00e9s a pendre el sol? Vine a con\u00e8ixer el Projecte S\u00e8pia, despr\u00e8s d&#8217;aquesta jornada veur\u00e0s el mar amb altres ulls. Despr\u00e8s, si la mar ho permet nedarem fins a les sepieres visitables de l&#8217;Escala.<\/p>\n<p>?21 de juliol 8:00<br \/>\n?L&#8217;Escala<br \/>\n?Activitat gratu\u00efta<br \/>\n?Informaci\u00f3 e inscripcions: 972.77.06.03 i <a href=\"http:\/\/www.lescala.cat\/ca\/agenda\/viu-el-projecte-sepia\/_id:1764\/\">web de l&#8217;Ajuntament de l&#8217;Escala.<\/a><br \/>\n\u2757\u2757Inscripci\u00f3 fins al 19 de juliol<\/p>\n<p><a href=\"http:\/\/www.projectesepia.com\/blog\/wp-content\/uploads\/2019\/07\/PS-TW-viu-el-projecte-s\u00e8pia.png\"><img decoding=\"async\" loading=\"lazy\" class=\"aligncenter size-large wp-image-311\" src=\"http:\/\/www.projectesepia.com\/blog\/wp-content\/uploads\/2019\/07\/PS-TW-viu-el-projecte-s\u00e8pia-1024x512.png\" alt=\"PS TW viu el projecte s\u00e8pia\" width=\"840\" height=\"420\" srcset=\"http:\/\/www.projectesepia.com\/blog\/wp-content\/uploads\/2019\/07\/PS-TW-viu-el-projecte-s\u00e8pia.png 1024w, http:\/\/www.projectesepia.com\/blog\/wp-content\/uploads\/2019\/07\/PS-TW-viu-el-projecte-s\u00e8pia-300x150.png 300w, http:\/\/www.projectesepia.com\/blog\/wp-content\/uploads\/2019\/07\/PS-TW-viu-el-projecte-s\u00e8pia-768x384.png 768w\" sizes=\"(max-width: 840px) 100vw, 840px\" \/><\/a><\/p>\n<p>&nbsp;<\/p>\n","protected":false},"excerpt":{"rendered":"<p>Cansat de anar a la\u00a0platja\u00a0nom\u00e9s a pendre el sol? Vine a con\u00e8ixer el Projecte S\u00e8pia, despr\u00e8s d&#8217;aquesta jornada veur\u00e0s el mar amb altres ulls. Despr\u00e8s, si la mar ho permet nedarem fins a les sepieres visitables de l&#8217;Escala. ?21 de juliol 8:00 ?L&#8217;Escala ?Activitat gratu\u00efta ?Informaci\u00f3 e inscripcions: 972.77.06.03 i web de l&#8217;Ajuntament de l&#8217;Escala. [&hellip;]<\/p>\n","protected":false},"author":1,"featured_media":311,"comment_status":"open","ping_status":"open","sticky":false,"template":"","format":"standard","meta":{"_et_pb_use_builder":"","_et_pb_old_content":"","_et_gb_content_width":"","footnotes":""},"categories":[4,11,13,14],"tags":[],"aioseo_notices":[],"_links":{"self":[{"href":"http:\/\/www.projectesepia.com\/blog\/wp-json\/wp\/v2\/posts\/301"}],"collection":[{"href":"http:\/\/www.projectesepia.com\/blog\/wp-json\/wp\/v2\/posts"}],"about":[{"href":"http:\/\/www.projectesepia.com\/blog\/wp-json\/wp\/v2\/types\/post"}],"author":[{"embeddable":true,"href":"http:\/\/www.projectesepia.com\/blog\/wp-json\/wp\/v2\/users\/1"}],"replies":[{"embeddable":true,"href":"http:\/\/www.projectesepia.com\/blog\/wp-json\/wp\/v2\/comments?post=301"}],"version-history":[{"count":7,"href":"http:\/\/www.projectesepia.com\/blog\/wp-json\/wp\/v2\/posts\/301\/revisions"}],"predecessor-version":[{"id":312,"href":"http:\/\/www.projectesepia.com\/blog\/wp-json\/wp\/v2\/posts\/301\/revisions\/312"}],"wp:featuredmedia":[{"embeddable":true,"href":"http:\/\/www.projectesepia.com\/blog\/wp-json\/wp\/v2\/media\/311"}],"wp:attachment":[{"href":"http:\/\/www.projectesepia.com\/blog\/wp-json\/wp\/v2\/media?parent=301"}],"wp:term":[{"taxonomy":"category","embeddable":true,"href":"http:\/\/www.projectesepia.com\/blog\/wp-json\/wp\/v2\/categories?post=301"},{"taxonomy":"post_tag","embeddable":true,"href":"http:\/\/www.projectesepia.com\/blog\/wp-json\/wp\/v2\/tags?post=301"}],"curies":[{"name":"wp","href":"https:\/\/api.w.org\/{rel}","templated":true}]}}