{"id":217,"date":"2019-02-04T09:12:23","date_gmt":"2019-02-04T09:12:23","guid":{"rendered":"http:\/\/www.projectesepia.com\/blog\/?p=217"},"modified":"2023-08-27T09:42:07","modified_gmt":"2023-08-27T09:42:07","slug":"no-hi-ha-ous","status":"publish","type":"post","link":"http:\/\/www.projectesepia.com\/blog\/uncategorized\/no-hi-ha-ous\/","title":{"rendered":"NO HI HA OUS!"},"content":{"rendered":"<h5>Qui diu que a la Costa Brava no tenim ous?<\/h5>\n<p><\/br><br \/>\nEls pescadors artesanals de l&#8217;Escala i l&#8217;Estartit ja han comen\u00e7at a recuperar ous de s\u00e8pia i de calamar.\u00a0Per tant, ja \u00e9s el moment de col\u00b7locar els vivers als ports per poder recuperar aquests ous, que d&#8217;altra manera es perdrien.<\/p>\n<p>Sembla que aquest any anem avan\u00e7ats. Potser ser\u00e0 un bon any pels cefal\u00f2podes?<\/p>\n<p><\/br><br \/>\n<a href=\"http:\/\/www.projectesepia.com\/blog\/wp-content\/uploads\/2019\/02\/viver.jpg\"><img decoding=\"async\" loading=\"lazy\" class=\"size-large wp-image-218\" src=\"http:\/\/www.projectesepia.com\/blog\/wp-content\/uploads\/2019\/02\/viver-1024x576.jpg\" alt=\"El primer pas \u00e9s recuperar els ous de s\u00edpia i calamar que queden enganxats a les xarxes de pesca.\" width=\"840\" height=\"473\" srcset=\"http:\/\/www.projectesepia.com\/blog\/wp-content\/uploads\/2019\/02\/viver-1024x576.jpg 1024w, http:\/\/www.projectesepia.com\/blog\/wp-content\/uploads\/2019\/02\/viver-300x169.jpg 300w, http:\/\/www.projectesepia.com\/blog\/wp-content\/uploads\/2019\/02\/viver-768x432.jpg 768w, http:\/\/www.projectesepia.com\/blog\/wp-content\/uploads\/2019\/02\/viver-1200x675.jpg 1200w\" sizes=\"(max-width: 840px) 100vw, 840px\" \/><\/a><\/p>\n<p><\/br><\/p>\n<p>El primer pas \u00e9s recuperar els ous de s\u00e8pia i calamar que queden enganxats a les xarxes de pesca.<\/p>\n<p>&nbsp;<\/p>\n<p><\/br><br \/>\nPodeu trobar m\u00e9s informaci\u00f3 sobre ous i vivers:<\/p>\n<p><\/br><br \/>\n&nbsp;<\/p>\n<ul>\n<li><em><strong><a href=\"http:\/\/www.projectesepia.com\/blog_coment.php?id=159\">Perqu\u00e8 son negres els ous de s\u00e8pia?<\/a><\/strong><\/em><\/li>\n<li><em><strong><a href=\"http:\/\/www.projectesepia.com\/blog_coment.php?id=70\">Al PROJECTE S\u00c8PIA cuidem dels ous de s\u00e8pia fins la seva eclosi\u00f3<\/a><\/strong><\/em><\/li>\n<\/ul>\n","protected":false},"excerpt":{"rendered":"<p>Qui diu que a la Costa Brava no tenim ous? Els pescadors artesanals de l&#8217;Escala i l&#8217;Estartit ja han comen\u00e7at a recuperar ous de s\u00e8pia i de calamar.\u00a0Per tant, ja \u00e9s el moment de col\u00b7locar els vivers als ports per poder recuperar aquests ous, que d&#8217;altra manera es perdrien. Sembla que aquest any anem avan\u00e7ats. [&hellip;]<\/p>\n","protected":false},"author":1,"featured_media":218,"comment_status":"open","ping_status":"open","sticky":false,"template":"","format":"standard","meta":{"_et_pb_use_builder":"","_et_pb_old_content":"","_et_gb_content_width":"","footnotes":""},"categories":[21,1],"tags":[],"aioseo_notices":[],"_links":{"self":[{"href":"http:\/\/www.projectesepia.com\/blog\/wp-json\/wp\/v2\/posts\/217"}],"collection":[{"href":"http:\/\/www.projectesepia.com\/blog\/wp-json\/wp\/v2\/posts"}],"about":[{"href":"http:\/\/www.projectesepia.com\/blog\/wp-json\/wp\/v2\/types\/post"}],"author":[{"embeddable":true,"href":"http:\/\/www.projectesepia.com\/blog\/wp-json\/wp\/v2\/users\/1"}],"replies":[{"embeddable":true,"href":"http:\/\/www.projectesepia.com\/blog\/wp-json\/wp\/v2\/comments?post=217"}],"version-history":[{"count":18,"href":"http:\/\/www.projectesepia.com\/blog\/wp-json\/wp\/v2\/posts\/217\/revisions"}],"predecessor-version":[{"id":478,"href":"http:\/\/www.projectesepia.com\/blog\/wp-json\/wp\/v2\/posts\/217\/revisions\/478"}],"wp:featuredmedia":[{"embeddable":true,"href":"http:\/\/www.projectesepia.com\/blog\/wp-json\/wp\/v2\/media\/218"}],"wp:attachment":[{"href":"http:\/\/www.projectesepia.com\/blog\/wp-json\/wp\/v2\/media?parent=217"}],"wp:term":[{"taxonomy":"category","embeddable":true,"href":"http:\/\/www.projectesepia.com\/blog\/wp-json\/wp\/v2\/categories?post=217"},{"taxonomy":"post_tag","embeddable":true,"href":"http:\/\/www.projectesepia.com\/blog\/wp-json\/wp\/v2\/tags?post=217"}],"curies":[{"name":"wp","href":"https:\/\/api.w.org\/{rel}","templated":true}]}}