{"id":1404,"date":"2024-08-29T16:39:09","date_gmt":"2024-08-29T16:39:09","guid":{"rendered":"http:\/\/www.projectesepia.com\/blog\/?p=1404"},"modified":"2024-08-29T16:55:37","modified_gmt":"2024-08-29T16:55:37","slug":"presentacio-documental-projecte-sepia","status":"publish","type":"post","link":"http:\/\/www.projectesepia.com\/blog\/divulgacio\/presentacio-documental-projecte-sepia\/","title":{"rendered":"Vine a la presentaci\u00f3 del documental \u00abProjecte S\u00e8pia\u00bb de Roger Rovira"},"content":{"rendered":"<p>[et_pb_section fb_built=\u00bb1&#8243; _builder_version=\u00bb4.22.1&#8243; _module_preset=\u00bbdefault\u00bb global_colors_info=\u00bb{}\u00bb][et_pb_row _builder_version=\u00bb4.22.1&#8243; _module_preset=\u00bbdefault\u00bb global_colors_info=\u00bb{}\u00bb][et_pb_column type=\u00bb4_4&#8243; _builder_version=\u00bb4.22.1&#8243; _module_preset=\u00bbdefault\u00bb global_colors_info=\u00bb{}\u00bb][et_pb_text ul_item_indent=\u00bb95px\u00bb _builder_version=\u00bb4.22.1&#8243; _module_preset=\u00bbdefault\u00bb text_font=\u00bbLato||||||||\u00bb text_font_size=\u00bb22px\u00bb text_line_height=\u00bb1.8em\u00bb ul_text_color=\u00bb#E09900&#8243; ul_font_size=\u00bb28px\u00bb ul_line_height=\u00bb1.7em\u00bb hover_enabled=\u00bb0&#8243; global_colors_info=\u00bb{}\u00bb sticky_enabled=\u00bb0&#8243;]El cap de setmana del 13 i 14 de setembre, Projecte S\u00e8pia i el director del documental, <a href=\"https:\/\/www.rogerovira.com\/\" target=\"_blank\" rel=\"noopener\">Roger Rovira<\/a>, tenen el plaer de convidar-vos a la doble presentaci\u00f3 del documental \u201cProjecte S\u00e8pia\u201d. Aquest esdeveniment especial tindr\u00e0 lloc en dues ubicacions emblem\u00e0tiques de la Costa Brava:<\/p>\n<ul>\n<li><strong>13 de setembre a les 20:00<\/strong><span>\u00a0<\/span>al Cinema Casino de Begur<\/li>\n<li><strong>14 de setembre a les 18:00<\/strong><span>\u00a0<\/span>al Museu de la Mediterr\u00e0nia de Torroella de Montgr\u00ed<\/li>\n<\/ul>\n<p>Aquest documental \u00e9s una oportunitat \u00fanica per con\u00e8ixer de prop la tasca que realitza Projecte S\u00e8pia en la conservaci\u00f3 i recuperaci\u00f3 de les poblacions de s\u00e8pies a la Costa Brava i, especialment, al <a href=\"http:\/\/www.projectesepia.com\/blog\/el-parc-natural-del-montgri\/\">Parc Natural del Montgr\u00ed, les illes Medes i el Baix Ter<\/a>. A trav\u00e9s de les imatges i les hist\u00f2ries recollides per Roger Rovira, podreu descobrir els esfor\u00e7os i les iniciatives que s\u2019estan duent a terme per protegir aquest valu\u00f3s recurs mar\u00ed.<\/p>\n<p>A m\u00e9s, us avancem que el documental tamb\u00e9 s\u2019estrenar\u00e0 el<strong>\u00a019 d\u2019octubre\u00a0al Club N\u00e0utic l\u2019Escala<\/strong>. No us perdeu aquesta oportunitat de gaudir d\u2019una experi\u00e8ncia cinematogr\u00e0fica enriquidora i inspiradora!<\/p>\n<p>Us hi esperem![\/et_pb_text][\/et_pb_column][\/et_pb_row][et_pb_row column_structure=\u00bb1_2,1_2&#8243; _builder_version=\u00bb4.22.1&#8243; _module_preset=\u00bbdefault\u00bb global_colors_info=\u00bb{}\u00bb][et_pb_column type=\u00bb1_2&#8243; _builder_version=\u00bb4.22.1&#8243; _module_preset=\u00bbdefault\u00bb global_colors_info=\u00bb{}\u00bb][et_pb_heading title=\u00bbCinema Casino de Begur\u00bb _builder_version=\u00bb4.22.1&#8243; _module_preset=\u00bbdefault\u00bb title_font=\u00bb|700|||||||\u00bb title_text_align=\u00bbcenter\u00bb title_font_size=\u00bb18px\u00bb global_colors_info=\u00bb{}\u00bb][\/et_pb_heading][et_pb_code _builder_version=\u00bb4.22.1&#8243; _module_preset=\u00bbdefault\u00bb link_option_url=\u00bbhttps:\/\/maps.app.goo.gl\/6ESABLfeEpNM2uq16&#8243; link_option_url_new_window=\u00bbon\u00bb global_colors_info=\u00bb{}\u00bb]<iframe src=\"https:\/\/www.google.com\/maps\/embed?pb=!1m14!1m8!1m3!1d11868.516848715954!2d3.2090866!3d41.9545596!3m2!1i1024!2i768!4f13.1!3m3!1m2!1s0x12ba517d5ca79b41%3A0x1aca95fcd15ff08b!2sCasino%20Cultural!5e0!3m2!1ses!2ses!4v1724948803515!5m2!1ses!2ses\" width=\"600\" height=\"450\" style=\"border:0;\" allowfullscreen=\"\" loading=\"lazy\" referrerpolicy=\"no-referrer-when-downgrade\"><\/iframe>[\/et_pb_code][\/et_pb_column][et_pb_column type=\u00bb1_2&#8243; _builder_version=\u00bb4.22.1&#8243; _module_preset=\u00bbdefault\u00bb global_colors_info=\u00bb{}\u00bb][et_pb_heading title=\u00bbMuseu de la Mediterr\u00e0nia\u00bb _builder_version=\u00bb4.22.1&#8243; _module_preset=\u00bbdefault\u00bb title_font=\u00bb|700|||||||\u00bb title_text_align=\u00bbcenter\u00bb title_font_size=\u00bb18px\u00bb global_colors_info=\u00bb{}\u00bb][\/et_pb_heading][et_pb_code _builder_version=\u00bb4.22.1&#8243; _module_preset=\u00bbdefault\u00bb link_option_url=\u00bbhttps:\/\/maps.app.goo.gl\/CTuTZaWHCsSwFiCg6&#8243; link_option_url_new_window=\u00bbon\u00bb global_colors_info=\u00bb{}\u00bb]<iframe src=\"https:\/\/www.google.com\/maps\/embed?pb=!1m18!1m12!1m3!1d2963.091372636651!2d3.1220872764655527!3d42.04122095518486!2m3!1f0!2f0!3f0!3m2!1i1024!2i768!4f13.1!3m3!1m2!1s0x12ba58242516a475%3A0x8a93635db2bdd75f!2sMuseo%20del%20Mediterr%C3%A1neo!5e0!3m2!1ses!2ses!4v1724948999438!5m2!1ses!2ses\" width=\"600\" height=\"450\" style=\"border:0;\" allowfullscreen=\"\" loading=\"lazy\" referrerpolicy=\"no-referrer-when-downgrade\"><\/iframe>[\/et_pb_code][\/et_pb_column][\/et_pb_row][\/et_pb_section]<\/p>\n","protected":false},"excerpt":{"rendered":"<p>El cap de setmana del 13 i 14 de setembre, Projecte S\u00e8pia i el director del documental, Roger Rovira, tenen el plaer de convidar-vos a la doble presentaci\u00f3 del documental \u201cProjecte S\u00e8pia\u201d. Aquest esdeveniment especial tindr\u00e0 lloc en dues ubicacions emblem\u00e0tiques de la Costa Brava: 13 de setembre a les 20:00\u00a0al Cinema Casino de Begur [&hellip;]<\/p>\n","protected":false},"author":1,"featured_media":1408,"comment_status":"open","ping_status":"open","sticky":false,"template":"","format":"standard","meta":{"_et_pb_use_builder":"on","_et_pb_old_content":"","_et_gb_content_width":"","footnotes":""},"categories":[4,10,22,36],"tags":[8,49],"aioseo_notices":[],"_links":{"self":[{"href":"http:\/\/www.projectesepia.com\/blog\/wp-json\/wp\/v2\/posts\/1404"}],"collection":[{"href":"http:\/\/www.projectesepia.com\/blog\/wp-json\/wp\/v2\/posts"}],"about":[{"href":"http:\/\/www.projectesepia.com\/blog\/wp-json\/wp\/v2\/types\/post"}],"author":[{"embeddable":true,"href":"http:\/\/www.projectesepia.com\/blog\/wp-json\/wp\/v2\/users\/1"}],"replies":[{"embeddable":true,"href":"http:\/\/www.projectesepia.com\/blog\/wp-json\/wp\/v2\/comments?post=1404"}],"version-history":[{"count":6,"href":"http:\/\/www.projectesepia.com\/blog\/wp-json\/wp\/v2\/posts\/1404\/revisions"}],"predecessor-version":[{"id":1413,"href":"http:\/\/www.projectesepia.com\/blog\/wp-json\/wp\/v2\/posts\/1404\/revisions\/1413"}],"wp:featuredmedia":[{"embeddable":true,"href":"http:\/\/www.projectesepia.com\/blog\/wp-json\/wp\/v2\/media\/1408"}],"wp:attachment":[{"href":"http:\/\/www.projectesepia.com\/blog\/wp-json\/wp\/v2\/media?parent=1404"}],"wp:term":[{"taxonomy":"category","embeddable":true,"href":"http:\/\/www.projectesepia.com\/blog\/wp-json\/wp\/v2\/categories?post=1404"},{"taxonomy":"post_tag","embeddable":true,"href":"http:\/\/www.projectesepia.com\/blog\/wp-json\/wp\/v2\/tags?post=1404"}],"curies":[{"name":"wp","href":"https:\/\/api.w.org\/{rel}","templated":true}]}}