{"id":1359,"date":"2024-04-22T18:10:14","date_gmt":"2024-04-22T18:10:14","guid":{"rendered":"http:\/\/www.projectesepia.com\/blog\/?p=1359"},"modified":"2024-04-22T18:10:15","modified_gmt":"2024-04-22T18:10:15","slug":"sortida-especial-pel-dia-europeu-dels-parcs","status":"publish","type":"post","link":"http:\/\/www.projectesepia.com\/blog\/divulgacio\/sortida-especial-pel-dia-europeu-dels-parcs\/","title":{"rendered":"Sortida Especial pel Dia Europeu dels Parcs"},"content":{"rendered":"<p>[et_pb_section fb_built=\u00bb1&#8243; _builder_version=\u00bb4.22.1&#8243; _module_preset=\u00bbdefault\u00bb custom_padding=\u00bb||24px|||\u00bb global_colors_info=\u00bb{}\u00bb][et_pb_row _builder_version=\u00bb4.22.1&#8243; _module_preset=\u00bbdefault\u00bb custom_padding=\u00bb5px|||||\u00bb global_colors_info=\u00bb{}\u00bb][et_pb_column type=\u00bb4_4&#8243; _builder_version=\u00bb4.22.1&#8243; _module_preset=\u00bbdefault\u00bb global_colors_info=\u00bb{}\u00bb][et_pb_text _builder_version=\u00bb4.22.1&#8243; _module_preset=\u00bbdefault\u00bb text_font_size=\u00bb26px\u00bb text_line_height=\u00bb1.8em\u00bb ul_text_align=\u00bbjustify\u00bb ul_font_size=\u00bb27px\u00bb ul_line_height=\u00bb1.5em\u00bb header_4_font=\u00bb|700|||||||\u00bb header_5_font=\u00bb|600|||||||\u00bb header_5_text_color=\u00bb#E09900&#8243; text_orientation=\u00bbjustified\u00bb custom_margin=\u00bb42px|||||\u00bb global_colors_info=\u00bb{}\u00bb]<\/p>\n<h3>Una sortida molt especial per commemorar la setmana del Parc Natural i el Dia Europeu dels Parc amb la Barca N\u00faria, la Confraria de Pescadors de l&#8217;Estartit i el Projecte S\u00e8pia!<\/h3>\n<p>&nbsp;<\/p>\n<p>&nbsp;<\/p>\n<p>T&#8217;imagines sortir amb la Barca N\u00faria acompanyats per un pescador i pel bi\u00f2leg mar\u00ed del Projecte S\u00e8pia?\u00a0<\/p>\n<h5>Una oportunitat \u00fanica a un preu molt especial per con\u00e8ixer la Reserva Marina<\/h5>\n<p>Submergeix-te en el <a href=\"https:\/\/parcsnaturals.gencat.cat\/ca\/xarxa-de-parcs\/illes-medes\/inici\/\">parc natural del Montgr\u00ed, les illes Medes i el Baix Ter<\/a> acompanyats per en Boris Weitzmann, bi\u00f2leg mar\u00ed i cofundador de Projecte S\u00e8pia i per un dels pescadors de la Confraria de Pescadors de l&#8217;Estartit. Durant aquesta sortida exclusiva, el Boris i el pescador artesanal compartiran el seu ampli coneixement sobre la biodiversitat marina i la import\u00e0ncia de les reserves marines per a la conservaci\u00f3 de l&#8217;ecosistema<em>.<\/em><\/p>\n<h5>Descobreix els Secrets de les Illes Medes<\/h5>\n<ul>\n<li><strong>Apr\u00e8n sobre els beneficis ecosist\u00e8mics:<\/strong> Ent\u00e9n com les reserves marines protegeixen la vida aqu\u00e0tica i contribueixen a la salut dels nostres oceans.<\/li>\n<li><strong>Observa la riquesa biol\u00f2gica:<\/strong> Les Illes Medes s\u00f3n un tresor de biodiversitat, llar d&#8217;esp\u00e8cies \u00faniques i un ecosistema pr\u00f2sper.<\/li>\n<li><strong>Connecta amb la natura:<\/strong> Experimenta la serenitat de la mar i la bellesa d&#8217;un ecosistema mar\u00ed ben preservat.<\/li>\n<li><strong>Apr\u00e8n sobre la relaci\u00f3 entre la pesca i la protecci\u00f3 del medi mar\u00ed.<\/strong><\/li>\n<\/ul>\n<h5>Reserva la teva pla\u00e7a amb temps<\/h5>\n<p>No et perdis l&#8217;oportunitat d&#8217;aprendre d&#8217;un expert i gaudir de la bellesa natural que aquestes illes ofereixen. Les places s\u00f3n molt limitades, aix\u00ed que assegura la teva participaci\u00f3 en aquesta experi\u00e8ncia exclusiva.<\/p>\n<p>Uneix-te a nosaltres en aquesta travessia especial i submergeix-te en la majestuositat del Mediterrani amb Projecte S\u00e8pia!<\/p>\n<p>&nbsp;<\/p>\n<h4>T&#8217;esperem!<\/h4>\n<p>[\/et_pb_text][\/et_pb_column][\/et_pb_row][et_pb_row _builder_version=\u00bb4.22.1&#8243; _module_preset=\u00bbdefault\u00bb global_colors_info=\u00bb{}\u00bb][et_pb_column type=\u00bb4_4&#8243; _builder_version=\u00bb4.22.1&#8243; _module_preset=\u00bbdefault\u00bb global_colors_info=\u00bb{}\u00bb][et_pb_video src=\u00bbhttps:\/\/youtu.be\/RlU30xb4YCQ\u00bb _builder_version=\u00bb4.22.1&#8243; _module_preset=\u00bbdefault\u00bb global_colors_info=\u00bb{}\u00bb][\/et_pb_video][\/et_pb_column][\/et_pb_row][et_pb_row column_structure=\u00bb1_2,1_2&#8243; _builder_version=\u00bb4.22.1&#8243; _module_preset=\u00bbdefault\u00bb global_colors_info=\u00bb{}\u00bb][et_pb_column type=\u00bb1_2&#8243; _builder_version=\u00bb4.22.1&#8243; _module_preset=\u00bbdefault\u00bb global_colors_info=\u00bb{}\u00bb][et_pb_icon font_icon=\u00bb&#x7d;||divi||400&#8243; icon_color=\u00bb#E09900&#8243; icon_width=\u00bb60px\u00bb _builder_version=\u00bb4.22.1&#8243; _module_preset=\u00bbdefault\u00bb global_colors_info=\u00bb{}\u00bb][\/et_pb_icon][et_pb_text _builder_version=\u00bb4.22.1&#8243; _module_preset=\u00bbdefault\u00bb text_font=\u00bb|800|||||||\u00bb text_font_size=\u00bb21px\u00bb global_colors_info=\u00bb{}\u00bb]<\/p>\n<p style=\"text-align: center;\">Diumenge 26 de maig<\/p>\n<p>[\/et_pb_text][\/et_pb_column][et_pb_column type=\u00bb1_2&#8243; _builder_version=\u00bb4.22.1&#8243; _module_preset=\u00bbdefault\u00bb global_colors_info=\u00bb{}\u00bb][et_pb_icon font_icon=\u00bb&#xf153;||fa||900&#8243; icon_color=\u00bb#E09900&#8243; icon_width=\u00bb60px\u00bb _builder_version=\u00bb4.22.1&#8243; _module_preset=\u00bbdefault\u00bb global_colors_info=\u00bb{}\u00bb][\/et_pb_icon][et_pb_text _builder_version=\u00bb4.22.1&#8243; _module_preset=\u00bbdefault\u00bb text_font=\u00bb|800|||||||\u00bb text_font_size=\u00bb21px\u00bb global_colors_info=\u00bb{}\u00bb]<\/p>\n<p style=\"text-align: center;\">Preu adult (majors d\u2019 11 anys): 19\u20ac.<\/p>\n<p style=\"text-align: center;\">Preu menors d\u201911 anys: 12\u20ac.<\/p>\n<p>[\/et_pb_text][\/et_pb_column][\/et_pb_row][et_pb_row _builder_version=\u00bb4.22.1&#8243; _module_preset=\u00bbdefault\u00bb global_colors_info=\u00bb{}\u00bb][et_pb_column type=\u00bb4_4&#8243; _builder_version=\u00bb4.22.1&#8243; _module_preset=\u00bbdefault\u00bb global_colors_info=\u00bb{}\u00bb][et_pb_button button_url=\u00bbhttps:\/\/www.barcanuria.com\/ca\/sortida-amb-pescadors-estartit\u00bb url_new_window=\u00bbon\u00bb button_text=\u00bbReserva la teva pla\u00e7a\u00bb button_alignment=\u00bbcenter\u00bb _builder_version=\u00bb4.22.1&#8243; _module_preset=\u00bbdefault\u00bb custom_button=\u00bbon\u00bb button_text_size=\u00bb44px\u00bb button_text_color=\u00bb#FFFFFF\u00bb button_bg_color=\u00bb#E09900&#8243; button_border_radius=\u00bb28px\u00bb button_font=\u00bbLato|900||on|||||\u00bb animation_style=\u00bbbounce\u00bb global_colors_info=\u00bb{}\u00bb][\/et_pb_button][\/et_pb_column][\/et_pb_row][et_pb_row _builder_version=\u00bb4.22.1&#8243; _module_preset=\u00bbdefault\u00bb global_colors_info=\u00bb{}\u00bb][et_pb_column type=\u00bb4_4&#8243; _builder_version=\u00bb4.22.1&#8243; _module_preset=\u00bbdefault\u00bb global_colors_info=\u00bb{}\u00bb][et_pb_post_slider include_categories=\u00bb28&#8243; _builder_version=\u00bb4.22.1&#8243; _module_preset=\u00bbdefault\u00bb global_colors_info=\u00bb{}\u00bb][\/et_pb_post_slider][\/et_pb_column][\/et_pb_row][\/et_pb_section]<\/p>\n","protected":false},"excerpt":{"rendered":"<p>Una sortida molt especial per commemorar la setmana del Parc Natural i el Dia Europeu dels Parc amb la Barca N\u00faria, la Confraria de Pescadors de l&#8217;Estartit i el Projecte S\u00e8pia! &nbsp; &nbsp; T&#8217;imagines sortir amb la Barca N\u00faria acompanyats per un pescador i pel bi\u00f2leg mar\u00ed del Projecte S\u00e8pia?\u00a0 Una oportunitat \u00fanica a un [&hellip;]<\/p>\n","protected":false},"author":1,"featured_media":1364,"comment_status":"open","ping_status":"open","sticky":false,"template":"","format":"standard","meta":{"_et_pb_use_builder":"on","_et_pb_old_content":"","_et_gb_content_width":"","footnotes":""},"categories":[42,4,28],"tags":[8,49,29],"aioseo_notices":[],"_links":{"self":[{"href":"http:\/\/www.projectesepia.com\/blog\/wp-json\/wp\/v2\/posts\/1359"}],"collection":[{"href":"http:\/\/www.projectesepia.com\/blog\/wp-json\/wp\/v2\/posts"}],"about":[{"href":"http:\/\/www.projectesepia.com\/blog\/wp-json\/wp\/v2\/types\/post"}],"author":[{"embeddable":true,"href":"http:\/\/www.projectesepia.com\/blog\/wp-json\/wp\/v2\/users\/1"}],"replies":[{"embeddable":true,"href":"http:\/\/www.projectesepia.com\/blog\/wp-json\/wp\/v2\/comments?post=1359"}],"version-history":[{"count":7,"href":"http:\/\/www.projectesepia.com\/blog\/wp-json\/wp\/v2\/posts\/1359\/revisions"}],"predecessor-version":[{"id":1369,"href":"http:\/\/www.projectesepia.com\/blog\/wp-json\/wp\/v2\/posts\/1359\/revisions\/1369"}],"wp:featuredmedia":[{"embeddable":true,"href":"http:\/\/www.projectesepia.com\/blog\/wp-json\/wp\/v2\/media\/1364"}],"wp:attachment":[{"href":"http:\/\/www.projectesepia.com\/blog\/wp-json\/wp\/v2\/media?parent=1359"}],"wp:term":[{"taxonomy":"category","embeddable":true,"href":"http:\/\/www.projectesepia.com\/blog\/wp-json\/wp\/v2\/categories?post=1359"},{"taxonomy":"post_tag","embeddable":true,"href":"http:\/\/www.projectesepia.com\/blog\/wp-json\/wp\/v2\/tags?post=1359"}],"curies":[{"name":"wp","href":"https:\/\/api.w.org\/{rel}","templated":true}]}}