{"id":1338,"date":"2024-03-12T06:42:50","date_gmt":"2024-03-12T06:42:50","guid":{"rendered":"http:\/\/www.projectesepia.com\/blog\/?p=1338"},"modified":"2024-03-12T06:42:51","modified_gmt":"2024-03-12T06:42:51","slug":"ja-tenim-planificades-les-sortides-per-descobrir-el-mon-de-la-pesca-artesanal-aquest-2024","status":"publish","type":"post","link":"http:\/\/www.projectesepia.com\/blog\/divulgacio\/ja-tenim-planificades-les-sortides-per-descobrir-el-mon-de-la-pesca-artesanal-aquest-2024\/","title":{"rendered":"Ja tenim planificades les sortides per descobrir el m\u00f3n de la pesca artesanal aquest 2024."},"content":{"rendered":"<p>[et_pb_section fb_built=\u00bb1&#8243; _builder_version=\u00bb4.22.1&#8243; _module_preset=\u00bbdefault\u00bb global_colors_info=\u00bb{}\u00bb][et_pb_row _builder_version=\u00bb4.22.1&#8243; _module_preset=\u00bbdefault\u00bb global_colors_info=\u00bb{}\u00bb][et_pb_column type=\u00bb4_4&#8243; _builder_version=\u00bb4.22.1&#8243; _module_preset=\u00bbdefault\u00bb global_colors_info=\u00bb{}\u00bb][et_pb_text _builder_version=\u00bb4.22.1&#8243; _module_preset=\u00bbdefault\u00bb text_font_size=\u00bb16px\u00bb link_font=\u00bb||||||||\u00bb link_text_align=\u00bbjustify\u00bb link_text_color=\u00bb#E09900&#8243; header_6_letter_spacing=\u00bb2px\u00bb header_6_line_height=\u00bb1.5em\u00bb text_orientation=\u00bbcenter\u00bb custom_padding=\u00bb||0px|||\u00bb global_colors_info=\u00bb{}\u00bb]<\/p>\n<h6 style=\"text-align: justify;\">Quadrar les agendes de tanta gent no \u00e9s gens f\u00e0cil, per\u00f2, (creiem que podem parlar en nom de tots els companys: <a href=\"https:\/\/empescat.cat\/\" target=\"_blank\" rel=\"noopener\">pescadors artesanals<\/a>, <a href=\"https:\/\/www.barcanuria.com\/\" target=\"_blank\" rel=\"noopener\">Barca N\u00faria<\/a> i <a href=\"http:\/\/www.projectesepia.com\/blog\/descobreix-el-mon-de-la-pesca-artesanal-responsable\/\">Projecte S\u00e8pia<\/a>) , aquestes sortides s\u00f3n molt especials i es mereixien l&#8217;esfor\u00e7.<\/h6>\n<p>&nbsp;<\/p>\n<p>[\/et_pb_text][et_pb_text _builder_version=\u00bb4.22.1&#8243; _module_preset=\u00bbdefault\u00bb text_font_size=\u00bb23px\u00bb text_letter_spacing=\u00bb1px\u00bb text_line_height=\u00bb1.8em\u00bb link_text_color=\u00bb#E09900&#8243; ul_font_size=\u00bb22px\u00bb ul_letter_spacing=\u00bb1px\u00bb ul_line_height=\u00bb1.7em\u00bb header_6_font=\u00bb|600|||||||\u00bb header_6_text_color=\u00bb#E09900&#8243; global_colors_info=\u00bb{}\u00bb]<\/p>\n<p style=\"text-align: justify;\"><span>Aquest any com a novetat, farem les sortides tem\u00e0tiques. Cada sortida \u00e9s diferent perqu\u00e8 els pescadors artesanals van variant les esp\u00e8cies que pesquen (per aix\u00f2 \u00e9s una pesca de baix impacte!) i cada esp\u00e8cie t\u00e9 la seva art de pesca (nanses, tresmall, palangre&#8230;)<\/span><\/p>\n<p style=\"text-align: justify;\"><span>A m\u00e9s a m\u00e9s, el fet de navegar per un parc natural amb una de les millors reserves marines del Mediterrani, ens permet\u00a0 gaudir de uns paisatges \u00fanics per la seva biodiversitat i fragilitat, i m\u00e9s a primera hora del mat\u00ed quan moltes esp\u00e8cies surten a fer \u00abl&#8217;esmorzar\u00bb.<\/span><\/p>\n<p style=\"text-align: justify;\"><span><\/span><\/p>\n<h6 style=\"text-align: center;\">Si alguna vegada has volgut compartir hist\u00f2ries amb aut\u00e8ntics pescadors, aquesta \u00e9s la teva oportunitat. Les places per a aquesta sortida s\u00f3n<span>\u00a0<\/span><strong>molt limitades<\/strong>, i no voldr\u00e0s perdre\u2019t aquesta experi\u00e8ncia \u00fanica.<\/h6>\n<p><!-- notionvc: e6c1c0ed-b0d8-4338-96bb-6be7dc4bbf59 --><\/p>\n<p>[\/et_pb_text][et_pb_button button_url=\u00bbhttps:\/\/www.barcanuria.com\/ca\/contactar-amb-barca-nuria\u00bb url_new_window=\u00bbon\u00bb button_text=\u00bbReserva la teva pla\u00e7a\u00bb button_alignment=\u00bbcenter\u00bb _builder_version=\u00bb4.22.1&#8243; _module_preset=\u00bbdefault\u00bb custom_button=\u00bbon\u00bb button_text_size=\u00bb29px\u00bb button_text_color=\u00bb#FFFFFF\u00bb button_bg_color=\u00bb#E09900&#8243; button_border_width=\u00bb13px\u00bb button_border_color=\u00bb#E09900&#8243; button_border_radius=\u00bb46px\u00bb button_icon_color=\u00bb#E09900&#8243; background_layout=\u00bbdark\u00bb global_colors_info=\u00bb{}\u00bb][\/et_pb_button][et_pb_text _builder_version=\u00bb4.22.1&#8243; _module_preset=\u00bbdefault\u00bb text_font_size=\u00bb23px\u00bb text_letter_spacing=\u00bb1px\u00bb text_line_height=\u00bb1.8em\u00bb link_text_color=\u00bb#E09900&#8243; ul_font_size=\u00bb22px\u00bb ul_letter_spacing=\u00bb1px\u00bb ul_line_height=\u00bb1.7em\u00bb header_6_font=\u00bb|600|||||||\u00bb header_6_text_color=\u00bb#E09900&#8243; global_colors_info=\u00bb{}\u00bb]<\/p>\n<p>&nbsp;<\/p>\n<p style=\"text-align: justify;\">Imagina&#8217;t a bord d\u2019una antiga barca de pescadors, envoltat de l\u2019olor salada del mar amb els primers raigs del sol. El bi\u00f2leg mar\u00ed expert t\u2019explicar\u00e0 els secrets de les<span>\u00a0<\/span><strong>Illes Medes<\/strong><span>\u00a0<\/span>mentre els pescadors comparteixen les seves an\u00e8cdotes i coneixements.<\/p>\n<p>&nbsp;<\/p>\n<p style=\"text-align: justify;\"><strong>Descobreix, Apr\u00e8n i Connecta<\/strong>: Aquesta sortida no \u00e9s nom\u00e9s una aventura; \u00e9s una finestra al m\u00f3n dels pescadors i la vida marina. Vine, escolta, pregunta i comparteix. Qui sap quines hist\u00f2ries i secrets descobrir\u00e0s.<\/p>\n<p style=\"text-align: justify;\">\n<p><!-- notionvc: e6c1c0ed-b0d8-4338-96bb-6be7dc4bbf59 --><\/p>\n<p>[\/et_pb_text][\/et_pb_column][\/et_pb_row][et_pb_row _builder_version=\u00bb4.22.1&#8243; _module_preset=\u00bbdefault\u00bb global_colors_info=\u00bb{}\u00bb][et_pb_column type=\u00bb4_4&#8243; _builder_version=\u00bb4.22.1&#8243; _module_preset=\u00bbdefault\u00bb global_colors_info=\u00bb{}\u00bb][et_pb_video src=\u00bbhttps:\/\/www.youtube.com\/watch?v=kdENU7_LC_U\u00bb _builder_version=\u00bb4.22.1&#8243; _module_preset=\u00bbdefault\u00bb global_colors_info=\u00bb{}\u00bb][\/et_pb_video][\/et_pb_column][\/et_pb_row][\/et_pb_section]<\/p>\n","protected":false},"excerpt":{"rendered":"<p>Quadrar les agendes de tanta gent no \u00e9s gens f\u00e0cil, per\u00f2, (creiem que podem parlar en nom de tots els companys: pescadors artesanals, Barca N\u00faria i Projecte S\u00e8pia) , aquestes sortides s\u00f3n molt especials i es mereixien l&#8217;esfor\u00e7. &nbsp;Aquest any com a novetat, farem les sortides tem\u00e0tiques. Cada sortida \u00e9s diferent perqu\u00e8 els pescadors artesanals [&hellip;]<\/p>\n","protected":false},"author":1,"featured_media":1327,"comment_status":"open","ping_status":"open","sticky":false,"template":"","format":"standard","meta":{"_et_pb_use_builder":"on","_et_pb_old_content":"","_et_gb_content_width":"","footnotes":""},"categories":[42,4,22,28],"tags":[49,29],"aioseo_notices":[],"_links":{"self":[{"href":"http:\/\/www.projectesepia.com\/blog\/wp-json\/wp\/v2\/posts\/1338"}],"collection":[{"href":"http:\/\/www.projectesepia.com\/blog\/wp-json\/wp\/v2\/posts"}],"about":[{"href":"http:\/\/www.projectesepia.com\/blog\/wp-json\/wp\/v2\/types\/post"}],"author":[{"embeddable":true,"href":"http:\/\/www.projectesepia.com\/blog\/wp-json\/wp\/v2\/users\/1"}],"replies":[{"embeddable":true,"href":"http:\/\/www.projectesepia.com\/blog\/wp-json\/wp\/v2\/comments?post=1338"}],"version-history":[{"count":6,"href":"http:\/\/www.projectesepia.com\/blog\/wp-json\/wp\/v2\/posts\/1338\/revisions"}],"predecessor-version":[{"id":1348,"href":"http:\/\/www.projectesepia.com\/blog\/wp-json\/wp\/v2\/posts\/1338\/revisions\/1348"}],"wp:featuredmedia":[{"embeddable":true,"href":"http:\/\/www.projectesepia.com\/blog\/wp-json\/wp\/v2\/media\/1327"}],"wp:attachment":[{"href":"http:\/\/www.projectesepia.com\/blog\/wp-json\/wp\/v2\/media?parent=1338"}],"wp:term":[{"taxonomy":"category","embeddable":true,"href":"http:\/\/www.projectesepia.com\/blog\/wp-json\/wp\/v2\/categories?post=1338"},{"taxonomy":"post_tag","embeddable":true,"href":"http:\/\/www.projectesepia.com\/blog\/wp-json\/wp\/v2\/tags?post=1338"}],"curies":[{"name":"wp","href":"https:\/\/api.w.org\/{rel}","templated":true}]}}