{"id":1259,"date":"2024-01-17T12:36:16","date_gmt":"2024-01-17T12:36:16","guid":{"rendered":"http:\/\/www.projectesepia.com\/blog\/?p=1259"},"modified":"2024-01-17T12:37:23","modified_gmt":"2024-01-17T12:37:23","slug":"tanquem-2023-abans-diniciar-la-temporada","status":"publish","type":"post","link":"http:\/\/www.projectesepia.com\/blog\/divulgacio\/tanquem-2023-abans-diniciar-la-temporada\/","title":{"rendered":"Tanquem el 2023 abans d&#8217;iniciar la temporada"},"content":{"rendered":"<p>[et_pb_section fb_built=\u00bb1&#8243; _builder_version=\u00bb4.22.1&#8243; _module_preset=\u00bbdefault\u00bb global_colors_info=\u00bb{}\u00bb][et_pb_row _builder_version=\u00bb4.22.1&#8243; _module_preset=\u00bbdefault\u00bb global_colors_info=\u00bb{}\u00bb][et_pb_column type=\u00bb4_4&#8243; _builder_version=\u00bb4.22.1&#8243; _module_preset=\u00bbdefault\u00bb global_colors_info=\u00bb{}\u00bb][et_pb_text _builder_version=\u00bb4.22.1&#8243; _module_preset=\u00bbdefault\u00bb text_font_size=\u00bb16px\u00bb link_font=\u00bb|||on|||||\u00bb link_text_align=\u00bbjustify\u00bb link_text_color=\u00bb#E09900&#8243; header_6_letter_spacing=\u00bb2px\u00bb header_6_line_height=\u00bb1.5em\u00bb text_orientation=\u00bbcenter\u00bb global_colors_info=\u00bb{}\u00bb]<\/p>\n<h6 style=\"text-align: justify;\">Hem viscut un any molt intens, mantenint les activitats de sempre (educaci\u00f3 ambiental, recuperaci\u00f3 d&#8217;ous, difusi\u00f3 de la pesca artesanal responsable&#8230;). Per\u00f2, tamb\u00e9 hem iniciat nous projectes, com una proposta educativa innovadora sobre el mar i la pesca artesanal responsable gr\u00e0cies a un ajut del <a href=\"https:\/\/www.galpcostabrava.cat\/\">GALP Costa Brava.<\/a><\/h6>\n<p>[\/et_pb_text][et_pb_button button_text=\u00bbLlegeix la mem\u00f2ria sencera\u00bb button_alignment=\u00bbcenter\u00bb _builder_version=\u00bb4.22.1&#8243; _module_preset=\u00bbdefault\u00bb custom_button=\u00bbon\u00bb button_text_color=\u00bb#FFFFFF\u00bb button_bg_color=\u00bb#E09900&#8243; button_border_width=\u00bb12px\u00bb button_border_color=\u00bbRGBA(255,255,255,0)\u00bb button_border_radius=\u00bb18px\u00bb button_font=\u00bbLato|900||on|||||\u00bb button_icon=\u00bb&#xf1c6;||fa||900&#8243; button_icon_color=\u00bb#FFFFFF\u00bb button_icon_placement=\u00bbleft\u00bb hover_enabled=\u00bb0&#8243; global_colors_info=\u00bb{}\u00bb button_url=\u00bbhttp:\/\/www.projectesepia.com\/blog\/wp-content\/uploads\/pdf\/MEMORIA_PROJECTE_SEPIA_2023.pdf\u00bb url_new_window=\u00bbon\u00bb sticky_enabled=\u00bb0&#8243;][\/et_pb_button][et_pb_image src=\u00bbhttp:\/\/www.projectesepia.com\/blog\/wp-content\/uploads\/2024\/01\/infografia-2023.png\u00bb alt=\u00bbInfografia Projecte S\u00e8pia 2023&#8243; title_text=\u00bbinfografia 2023&#8243; align=\u00bbcenter\u00bb _builder_version=\u00bb4.22.1&#8243; _module_preset=\u00bbdefault\u00bb width=\u00bb72%\u00bb max_width=\u00bb72%\u00bb global_colors_info=\u00bb{}\u00bb][\/et_pb_image][et_pb_text _builder_version=\u00bb4.22.1&#8243; _module_preset=\u00bbdefault\u00bb text_font_size=\u00bb23px\u00bb text_letter_spacing=\u00bb1px\u00bb text_line_height=\u00bb1.8em\u00bb link_text_color=\u00bb#E09900&#8243; ul_font_size=\u00bb22px\u00bb ul_letter_spacing=\u00bb1px\u00bb ul_line_height=\u00bb1.7em\u00bb header_6_font=\u00bb|600|||||||\u00bb header_6_text_color=\u00bb#E09900&#8243; global_colors_info=\u00bb{}\u00bb]<\/p>\n<p style=\"text-align: justify;\">La primavera va arribar i ens vam trobar amb dos problemes:<\/p>\n<ul style=\"text-align: justify;\">\n<li style=\"list-style-type: none;\">\n<ul>\n<li style=\"list-style-type: none;\">\n<ul>\n<li>per alguna causa desconeguda (potser la gran onada de calor marina de l&#8217;estiu 2022), aquesta primavera no s&#8217;ha pescat ni s\u2019han observat gaires s\u00e8pies. Ni els pescadors vells recorden una primavera com aquesta.<\/li>\n<li>el fons mar\u00ed es va recobrir d&#8217;algues mucilaginoses a causa de la manca de tramuntanades. Com a conseq\u00fc\u00e8ncia, les xarxes van quedar plenes d&#8217;algues i inservibles per la pesca. Aix\u00f2 ha fet que els pescadors hagin deixat d&#8217;anar a la s\u00e8pia a la badia.<\/li>\n<\/ul>\n<\/li>\n<\/ul>\n<\/li>\n<\/ul>\n<p style=\"text-align: justify;\">Aquestes dues circumst\u00e0ncies han provocat que enguany s&#8217;hagin recuperat molt pocs ous i que no s&#8217;hagi tret a mar cap incubadora. Per les tasques d&#8217;educaci\u00f3 ambiental s&#8217;han utilitzat els ous de les nanses d&#8217;en Josep\u00a0Diaz, que va pescar amb nansa a la badia durant la primavera.<\/p>\n<p>&nbsp;<\/p>\n<h6 style=\"text-align: center;\">Educaci\u00f3 ambiental<\/h6>\n<p style=\"text-align: justify;\">La \u00abcosa\u00bb va anar millorant cap al maig-junt, perqu\u00e8 \u00e9s el moment de les escoles del\u00a0<a href=\"http:\/\/www.projectesepia.com\/blog\/el-parc-natural-del-montgri\/\">Parc Natural\u00a0del Montgr\u00ed, les illes Medes i el Baix Ter<\/a>. Treballar amb la mainada sempre ens omple d&#8217;energia, conscients de la import\u00e0ncia de formar els futurs consumidors responsables.<\/p>\n<p style=\"text-align: justify;\"><a href=\"http:\/\/www.projectesepia.com\/blog\/wp-content\/uploads\/2023\/08\/179.jpg\"><img decoding=\"async\" loading=\"lazy\" src=\"http:\/\/www.projectesepia.com\/blog\/wp-content\/uploads\/2023\/08\/179.jpg\" width=\"1080\" height=\"734\" alt=\"\" class=\"wp-image-487 aligncenter size-full\" srcset=\"http:\/\/www.projectesepia.com\/blog\/wp-content\/uploads\/2023\/08\/179.jpg 1080w, http:\/\/www.projectesepia.com\/blog\/wp-content\/uploads\/2023\/08\/179-980x666.jpg 980w, http:\/\/www.projectesepia.com\/blog\/wp-content\/uploads\/2023\/08\/179-480x326.jpg 480w\" sizes=\"(min-width: 0px) and (max-width: 480px) 480px, (min-width: 481px) and (max-width: 980px) 980px, (min-width: 981px) 1080px, 100vw\" \/><\/a><\/p>\n<p>&nbsp;<\/p>\n<h6 style=\"text-align: center;\">Coneix la pesca artesanal responsable<\/h6>\n<p style=\"text-align: justify;\">Al maig tamb\u00e9 vam comen\u00e7ar les nostres sortides per con\u00e8ixer la pesca artesanal responsable amb els companys de la Barca N\u00faria. Vam tenir una inauguraci\u00f3 de luxe amb els treballadors del Celler Can Roca.<\/p>\n<p><a href=\"http:\/\/www.projectesepia.com\/blog\/wp-content\/uploads\/2023\/09\/turisme.png\"><img decoding=\"async\" loading=\"lazy\" src=\"http:\/\/www.projectesepia.com\/blog\/wp-content\/uploads\/2023\/09\/turisme.png\" width=\"1080\" height=\"1080\" alt=\"\" class=\"wp-image-939 aligncenter size-full\" srcset=\"http:\/\/www.projectesepia.com\/blog\/wp-content\/uploads\/2023\/09\/turisme.png 1080w, http:\/\/www.projectesepia.com\/blog\/wp-content\/uploads\/2023\/09\/turisme-980x980.png 980w, http:\/\/www.projectesepia.com\/blog\/wp-content\/uploads\/2023\/09\/turisme-480x480.png 480w\" sizes=\"(min-width: 0px) and (max-width: 480px) 480px, (min-width: 481px) and (max-width: 980px) 980px, (min-width: 981px) 1080px, 100vw\" \/><\/a><\/p>\n<h6 style=\"text-align: center;\"><\/h6>\n<h6 style=\"text-align: center;\"><\/h6>\n<h6 style=\"text-align: center;\"><\/h6>\n<h6 style=\"text-align: center;\">Col\u00b7laboracions<\/h6>\n<p style=\"text-align: justify;\">Aquest 2024 hem continuant col\u00b7laborant amb el <a href=\"https:\/\/alivefund.org\/projectes\/un-pop-de-gram\/\">Projecte Un Pop de Gram de la Fundaci\u00f3 Alive<\/a> i amb Rethinking Fisheries, un proc\u00e9s de reflexi\u00f3 amb organitzacions i experts de diferents proced\u00e8ncies i perfils per tractar d\u2019arribar a un acord sobre una visi\u00f3 comuna per al futur de la pesca a Europa.<\/p>\n<p>&nbsp;<\/p>\n<h6 style=\"text-align: center;\">Turisme sostenible<\/h6>\n<p style=\"text-align: justify;\">I \u201clast but not least\u201d hem renovat el nostre comprom\u00eds amb la<a href=\"https:\/\/parcsnaturals.gencat.cat\/ca\/xarxa-de-parcs\/illes-medes\/viure-hi\/turisme-sostenible\/que-es-la-cets\/\" target=\"_blank\" rel=\"noopener\"> Carta Europea de Turisme Sostenible<\/a> per 3 anys m\u00e9s. Les empreses hem de fer plans de millora nous cada 3 anys, i per aquest nou per\u00edode (2023-2025) ens hem comprom\u00e8s a:<\/p>\n<ul>\n<li style=\"list-style-type: none;\">\n<ul>\n<li style=\"list-style-type: none;\">\n<ul>\n<li style=\"text-align: justify;\">Posar en el mercat producte tur\u00edstic relacionat amb la pesca artesanal<\/li>\n<li style=\"text-align: justify;\">Apropar el projecte s\u00e8pia al m\u00f3n escolar<\/li>\n<li style=\"text-align: justify;\">Crear material digital per a les escoles<\/li>\n<li style=\"text-align: justify;\">Crear sepieres amb materials biodegradables<\/li>\n<li style=\"text-align: justify;\">Donar a con\u00e8ixer una esp\u00e8cie d\u2019alga nova trobada al parc natural<\/li>\n<li style=\"text-align: justify;\">Ajudar a introduir bones pr\u00e0ctiques en la pesca artesanal a nivell internacional<\/li>\n<li style=\"text-align: justify;\">Fer seguiment de la poblaci\u00f3 de l\u2019alga \u201cSargassum Trichocarpum\u201d<\/li>\n<li style=\"text-align: justify;\">Involucrar el sector submarinista amb el projecte s\u00e8pia<\/li>\n<li>Introduir el projecte sepia en els cursos de bon coneixedor del Parc.<\/li>\n<\/ul>\n<\/li>\n<\/ul>\n<\/li>\n<\/ul>\n<p>&nbsp;<\/p>\n<h5 style=\"text-align: center;\">Per aquest 2024 ja tenim noves aventures a la vista, estigueu al cas!<\/h5>\n<p><!-- notionvc: e6c1c0ed-b0d8-4338-96bb-6be7dc4bbf59 --><\/p>\n<p>[\/et_pb_text][\/et_pb_column][\/et_pb_row][\/et_pb_section]<\/p>\n","protected":false},"excerpt":{"rendered":"<p>Hem viscut un any molt intens, mantenint les activitats de sempre (educaci\u00f3 ambiental, recuperaci\u00f3 d&#8217;ous, difusi\u00f3 de la pesca artesanal responsable&#8230;). Per\u00f2, tamb\u00e9 hem iniciat nous projectes, com una proposta educativa innovadora sobre el mar i la pesca artesanal responsable gr\u00e0cies a un ajut del GALP Costa Brava.La primavera va arribar i ens vam trobar [&hellip;]<\/p>\n","protected":false},"author":1,"featured_media":1278,"comment_status":"open","ping_status":"open","sticky":false,"template":"","format":"standard","meta":{"_et_pb_use_builder":"on","_et_pb_old_content":"","_et_gb_content_width":"","footnotes":""},"categories":[4,10,22,36,28],"tags":[8,20,49,29],"aioseo_notices":[],"_links":{"self":[{"href":"http:\/\/www.projectesepia.com\/blog\/wp-json\/wp\/v2\/posts\/1259"}],"collection":[{"href":"http:\/\/www.projectesepia.com\/blog\/wp-json\/wp\/v2\/posts"}],"about":[{"href":"http:\/\/www.projectesepia.com\/blog\/wp-json\/wp\/v2\/types\/post"}],"author":[{"embeddable":true,"href":"http:\/\/www.projectesepia.com\/blog\/wp-json\/wp\/v2\/users\/1"}],"replies":[{"embeddable":true,"href":"http:\/\/www.projectesepia.com\/blog\/wp-json\/wp\/v2\/comments?post=1259"}],"version-history":[{"count":14,"href":"http:\/\/www.projectesepia.com\/blog\/wp-json\/wp\/v2\/posts\/1259\/revisions"}],"predecessor-version":[{"id":1297,"href":"http:\/\/www.projectesepia.com\/blog\/wp-json\/wp\/v2\/posts\/1259\/revisions\/1297"}],"wp:featuredmedia":[{"embeddable":true,"href":"http:\/\/www.projectesepia.com\/blog\/wp-json\/wp\/v2\/media\/1278"}],"wp:attachment":[{"href":"http:\/\/www.projectesepia.com\/blog\/wp-json\/wp\/v2\/media?parent=1259"}],"wp:term":[{"taxonomy":"category","embeddable":true,"href":"http:\/\/www.projectesepia.com\/blog\/wp-json\/wp\/v2\/categories?post=1259"},{"taxonomy":"post_tag","embeddable":true,"href":"http:\/\/www.projectesepia.com\/blog\/wp-json\/wp\/v2\/tags?post=1259"}],"curies":[{"name":"wp","href":"https:\/\/api.w.org\/{rel}","templated":true}]}}