{"id":1214,"date":"2023-11-23T17:50:42","date_gmt":"2023-11-23T17:50:42","guid":{"rendered":"http:\/\/www.projectesepia.com\/blog\/?p=1214"},"modified":"2023-11-23T18:54:35","modified_gmt":"2023-11-23T18:54:35","slug":"rethinking-fisheries-una-jornada-per-imaginar-un-futur-sostenible-per-a-la-pesca","status":"publish","type":"post","link":"http:\/\/www.projectesepia.com\/blog\/pesca-sostenible\/rethinking-fisheries-una-jornada-per-imaginar-un-futur-sostenible-per-a-la-pesca\/","title":{"rendered":"Rethinking Fisheries: imaginar un futur sostenible per a la pesca"},"content":{"rendered":"<p>[et_pb_section fb_built=\u00bb1&#8243; _builder_version=\u00bb4.22.1&#8243; _module_preset=\u00bbdefault\u00bb custom_padding=\u00bb4px|||||\u00bb global_colors_info=\u00bb{}\u00bb][et_pb_row _builder_version=\u00bb4.22.1&#8243; _module_preset=\u00bbdefault\u00bb global_colors_info=\u00bb{}\u00bb][et_pb_column type=\u00bb4_4&#8243; _builder_version=\u00bb4.22.1&#8243; _module_preset=\u00bbdefault\u00bb global_colors_info=\u00bb{}\u00bb][et_pb_text _builder_version=\u00bb4.22.1&#8243; _module_preset=\u00bbdefault\u00bb text_font=\u00bbLato||||||||\u00bb text_font_size=\u00bb22px\u00bb text_letter_spacing=\u00bb1px\u00bb header_6_font_size=\u00bb33px\u00bb header_6_letter_spacing=\u00bb1px\u00bb header_6_line_height=\u00bb1.2em\u00bb hover_enabled=\u00bb0&#8243; global_colors_info=\u00bb{}\u00bb header_font_size=\u00bb66px\u00bb sticky_enabled=\u00bb0&#8243;]<\/p>\n<h2 style=\"text-align: justify;\"><span>Ahir vam tenir l\u2019oportunitat de participar en \u201c<strong>Rethinking fisheries<\/strong>\u201d, un proc\u00e9s de reflexi\u00f3 amb organitzacions i experts de diferents proced\u00e8ncies i perfils per tractar d\u2019arribar a un acord sobre una visi\u00f3 comuna per al futur de la pesca a Europa. <\/span><\/h2>\n<div dir=\"auto\" style=\"text-align: justify;\">\n<p>&nbsp;<\/p>\n<\/div>\n<p>[\/et_pb_text][\/et_pb_column][\/et_pb_row][et_pb_row _builder_version=\u00bb4.22.1&#8243; _module_preset=\u00bbdefault\u00bb width=\u00bb85.4%\u00bb global_colors_info=\u00bb{}\u00bb][et_pb_column type=\u00bb4_4&#8243; _builder_version=\u00bb4.22.1&#8243; _module_preset=\u00bbdefault\u00bb global_colors_info=\u00bb{}\u00bb][et_pb_image src=\u00bbhttp:\/\/www.projectesepia.com\/blog\/wp-content\/uploads\/2023\/11\/RETHINKING-FISHERIES-2-e1700758906240.jpeg\u00bb title_text=\u00bbRETHINKING FISHERIES 2&#8243; align=\u00bbright\u00bb force_fullwidth=\u00bbon\u00bb _builder_version=\u00bb4.22.1&#8243; _module_preset=\u00bbdefault\u00bb custom_margin=\u00bb|4px||||\u00bb custom_padding=\u00bb|1px||0px||\u00bb global_colors_info=\u00bb{}\u00bb][\/et_pb_image][\/et_pb_column][\/et_pb_row][et_pb_row _builder_version=\u00bb4.22.1&#8243; _module_preset=\u00bbdefault\u00bb custom_padding=\u00bb0px||0px||true|\u00bb global_colors_info=\u00bb{}\u00bb][et_pb_column type=\u00bb4_4&#8243; _builder_version=\u00bb4.22.1&#8243; _module_preset=\u00bbdefault\u00bb global_colors_info=\u00bb{}\u00bb][et_pb_text _builder_version=\u00bb4.22.1&#8243; _module_preset=\u00bbdefault\u00bb text_font=\u00bbLato||||||||\u00bb text_font_size=\u00bb30px\u00bb text_letter_spacing=\u00bb1px\u00bb header_6_font_size=\u00bb33px\u00bb header_6_letter_spacing=\u00bb1px\u00bb header_6_line_height=\u00bb1.2em\u00bb hover_enabled=\u00bb0&#8243; global_colors_info=\u00bb{}\u00bb text_line_height=\u00bb1.8em\u00bb sticky_enabled=\u00bb0&#8243;]<\/p>\n<p style=\"text-align: justify;\"><span><\/span><\/p>\n<p style=\"text-align: justify;\"><span>Aquesta iniciativa t\u00e9 com a objectiu generar un di\u00e0leg constructiu entre els diferents actors del sector pesquer, des de pescadors i consumidors fins a cient\u00edfics i activistes, per tal de proposar solucions innovadores i respectuoses amb el medi ambient i les comunitats costaneres.<\/span><\/p>\n<div dir=\"auto\" style=\"text-align: justify;\">\n<p>&nbsp;<\/p>\n<p><span>La jornada va consistir en una s\u00e8rie de presentacions i debats sobre els principals reptes i oportunitats que t\u00e9 la pesca a Europa, com ara la sobrepesca, el canvi clim\u00e0tic, la contaminaci\u00f3, la comercialitzaci\u00f3, la sensibilitzaci\u00f3 i l\u2019educaci\u00f3. Vam poder escoltar les experi\u00e8ncies i les propostes de diferents projectes que treballen per una pesca m\u00e9s responsable i sostenible, com ara <a href=\"https:\/\/empescat.cat\/\">Empesca&#8217;t<\/a>, <a href=\"https:\/\/www.ecologistasenaccion.es\/\">Ecologistas en acci\u00f3n<\/a>, <\/span><a href=\"https:\/\/soleofdiscretion.co.uk\/\" style=\"font-size: 24px;\">Sole of discretion<\/a><span>, <a href=\"https:\/\/pintafish.eu\/\">Pintafish<\/a> i <a href=\"https:\/\/associationpleinemer.com\/\">Pleine mer<\/a>. Tamb\u00e9 vam poder compartir les nostres perspectives i les nostres inquietuds amb altres participants que van assistir online.<\/span><\/p>\n<p>Com ens agrada trobar-nos amb companys d&#8217;altres pa\u00efsos, reflexionar, estudiar, debatre,\u00a0 compartir perspectives per a poder superar junts els dif\u00edcils reptes que tenim per davant en la pesca i imaginar un mar millor amb moltes s\u00e8pies!<\/p>\n<p><span>Esperem que aquest proc\u00e9s de reflexi\u00f3 continu\u00ef i que puguem contribuir a crear una visi\u00f3 compartida per a la pesca a Europa que sigui justa, ecol\u00f2gica i socialment beneficiosa.<\/span><\/p>\n<\/div>\n<p>[\/et_pb_text][et_pb_heading title=\u00bbM\u00e9s articles sobre la pesca artesanal responsable\u00bb _builder_version=\u00bb4.22.1&#8243; _module_preset=\u00bbdefault\u00bb title_font=\u00bb|600|||||||\u00bb title_text_color=\u00bb#E09900&#8243; title_font_size=\u00bb44px\u00bb custom_margin=\u00bb94px|||||\u00bb global_colors_info=\u00bb{}\u00bb][\/et_pb_heading][et_pb_blog posts_number=\u00bb3&#8243; include_categories=\u00bb22&#8243; use_manual_excerpt=\u00bboff\u00bb show_author=\u00bboff\u00bb show_date=\u00bboff\u00bb show_categories=\u00bboff\u00bb _builder_version=\u00bb4.22.1&#8243; _module_preset=\u00bbdefault\u00bb custom_margin=\u00bb2px||||false|false\u00bb global_colors_info=\u00bb{}\u00bb][\/et_pb_blog][et_pb_blog posts_number=\u00bb3&#8243; include_categories=\u00bb22&#8243; show_thumbnail=\u00bboff\u00bb show_author=\u00bboff\u00bb show_date=\u00bboff\u00bb show_categories=\u00bboff\u00bb _builder_version=\u00bb4.22.1&#8243; _module_preset=\u00bbdefault\u00bb global_colors_info=\u00bb{}\u00bb][\/et_pb_blog][\/et_pb_column][\/et_pb_row][\/et_pb_section]<\/p>\n","protected":false},"excerpt":{"rendered":"<p>Ahir vam tenir l\u2019oportunitat de participar en \u201cRethinking fisheries\u201d, un proc\u00e9s de reflexi\u00f3 amb organitzacions i experts de diferents proced\u00e8ncies i perfils per tractar d\u2019arribar a un acord sobre una visi\u00f3 comuna per al futur de la pesca a Europa.<\/p>\n","protected":false},"author":1,"featured_media":1217,"comment_status":"open","ping_status":"open","sticky":false,"template":"","format":"standard","meta":{"_et_pb_use_builder":"on","_et_pb_old_content":"","_et_gb_content_width":"2880","footnotes":""},"categories":[22,36],"tags":[49],"aioseo_notices":[],"_links":{"self":[{"href":"http:\/\/www.projectesepia.com\/blog\/wp-json\/wp\/v2\/posts\/1214"}],"collection":[{"href":"http:\/\/www.projectesepia.com\/blog\/wp-json\/wp\/v2\/posts"}],"about":[{"href":"http:\/\/www.projectesepia.com\/blog\/wp-json\/wp\/v2\/types\/post"}],"author":[{"embeddable":true,"href":"http:\/\/www.projectesepia.com\/blog\/wp-json\/wp\/v2\/users\/1"}],"replies":[{"embeddable":true,"href":"http:\/\/www.projectesepia.com\/blog\/wp-json\/wp\/v2\/comments?post=1214"}],"version-history":[{"count":13,"href":"http:\/\/www.projectesepia.com\/blog\/wp-json\/wp\/v2\/posts\/1214\/revisions"}],"predecessor-version":[{"id":1238,"href":"http:\/\/www.projectesepia.com\/blog\/wp-json\/wp\/v2\/posts\/1214\/revisions\/1238"}],"wp:featuredmedia":[{"embeddable":true,"href":"http:\/\/www.projectesepia.com\/blog\/wp-json\/wp\/v2\/media\/1217"}],"wp:attachment":[{"href":"http:\/\/www.projectesepia.com\/blog\/wp-json\/wp\/v2\/media?parent=1214"}],"wp:term":[{"taxonomy":"category","embeddable":true,"href":"http:\/\/www.projectesepia.com\/blog\/wp-json\/wp\/v2\/categories?post=1214"},{"taxonomy":"post_tag","embeddable":true,"href":"http:\/\/www.projectesepia.com\/blog\/wp-json\/wp\/v2\/tags?post=1214"}],"curies":[{"name":"wp","href":"https:\/\/api.w.org\/{rel}","templated":true}]}}