{"id":1193,"date":"2023-10-25T15:33:33","date_gmt":"2023-10-25T15:33:33","guid":{"rendered":"http:\/\/www.projectesepia.com\/blog\/?p=1193"},"modified":"2023-11-23T18:54:27","modified_gmt":"2023-11-23T18:54:27","slug":"retirem-les-sepieres-abans-dels-temporals","status":"publish","type":"post","link":"http:\/\/www.projectesepia.com\/blog\/sepieres\/retirem-les-sepieres-abans-dels-temporals\/","title":{"rendered":"Retirem les \u00absepieres\u00bb abans dels temporals"},"content":{"rendered":"\n[et_pb_section fb_built=\u00bb1&#8243; _builder_version=\u00bb4.22.1&#8243; _module_preset=\u00bbdefault\u00bb global_colors_info=\u00bb{}\u00bb][et_pb_row _builder_version=\u00bb4.22.1&#8243; _module_preset=\u00bbdefault\u00bb global_colors_info=\u00bb{}\u00bb][et_pb_column type=\u00bb4_4&#8243; _builder_version=\u00bb4.22.1&#8243; _module_preset=\u00bbdefault\u00bb global_colors_info=\u00bb{}\u00bb][et_pb_text _builder_version=\u00bb4.22.1&#8243; _module_preset=\u00bbdefault\u00bb text_font_size=\u00bb26px\u00bb text_line_height=\u00bb1.8em\u00bb global_colors_info=\u00bb{}\u00bb]<p>L&#8217;estiu ja es va acabar fa unes setmanes i, d&#8217;aqu\u00ed a poc temps, comen\u00e7aran els temporals propis d&#8217;aquesta \u00e8poca. Per aix\u00f2, hem de retirar tot el material que tenim a mar perqu\u00e8 no es perdi o s&#8217;espatlli (no volem m\u00e9s residus).<\/p>\n<p>Aquesta setmana, els <a href=\"https:\/\/empescat.cat\/\" target=\"_blank\" rel=\"noopener\" title=\"Empescat\">pescadors artesanals<\/a> que col\u00b7laboren amb el Projecte S\u00e8pia han retirat les sepieres de producci\u00f3. Despr\u00e9s d&#8217;estar tot l&#8217;estiu oferint a les s\u00e9pies i calamars un lloc on posar els seus ous, toca recollir, netejar i guardar tot el material fins a la pr\u00f2xima temporada.<\/p>\n<p>Les branques, ja sense fulles, fins i tot tenien enganxats ous de calamar, per la qual cosa les hem deixat en la mar, perqu\u00e8 continu\u00efn madurant i augmentin la poblaci\u00f3 de calamars en la badia de Pals.<\/p>[\/et_pb_text][et_pb_video src=\u00bbhttps:\/\/youtu.be\/Ufwuwp6UekY\u00bb _builder_version=\u00bb4.22.1&#8243; _module_preset=\u00bbdefault\u00bb global_colors_info=\u00bb{}\u00bb][\/et_pb_video][et_pb_text _builder_version=\u00bb4.22.1&#8243; _module_preset=\u00bbdefault\u00bb hover_enabled=\u00bb0&#8243; sticky_enabled=\u00bb0&#8243; text_font_size=\u00bb37px\u00bb text_letter_spacing=\u00bb1px\u00bb custom_padding=\u00bb58px|||||\u00bb text_orientation=\u00bbcenter\u00bb]<p><strong>Vols saber m\u00e9s del Projecte S\u00e8pia?<\/strong><\/p>\n<p><strong> <a href=\"http:\/\/www.projectesepia.com\/blog\/el-projecte\/\">Aqu\u00ed <\/a>podr\u00e0s trobar m\u00e9s informaci\u00f3<\/strong><\/p>[\/et_pb_text][\/et_pb_column][\/et_pb_row][\/et_pb_section]\n","protected":false},"excerpt":{"rendered":"<p>Els pescadors artesanals de l&#8217;Estartit retiren les sepieres de producci\u00f3 aquest 2023<\/p>\n","protected":false},"author":1,"featured_media":1195,"comment_status":"open","ping_status":"open","sticky":false,"template":"","format":"standard","meta":{"_et_pb_use_builder":"on","_et_pb_old_content":"","_et_gb_content_width":"","footnotes":""},"categories":[22,36,11],"tags":[9,25,47],"aioseo_notices":[],"_links":{"self":[{"href":"http:\/\/www.projectesepia.com\/blog\/wp-json\/wp\/v2\/posts\/1193"}],"collection":[{"href":"http:\/\/www.projectesepia.com\/blog\/wp-json\/wp\/v2\/posts"}],"about":[{"href":"http:\/\/www.projectesepia.com\/blog\/wp-json\/wp\/v2\/types\/post"}],"author":[{"embeddable":true,"href":"http:\/\/www.projectesepia.com\/blog\/wp-json\/wp\/v2\/users\/1"}],"replies":[{"embeddable":true,"href":"http:\/\/www.projectesepia.com\/blog\/wp-json\/wp\/v2\/comments?post=1193"}],"version-history":[{"count":10,"href":"http:\/\/www.projectesepia.com\/blog\/wp-json\/wp\/v2\/posts\/1193\/revisions"}],"predecessor-version":[{"id":1206,"href":"http:\/\/www.projectesepia.com\/blog\/wp-json\/wp\/v2\/posts\/1193\/revisions\/1206"}],"wp:featuredmedia":[{"embeddable":true,"href":"http:\/\/www.projectesepia.com\/blog\/wp-json\/wp\/v2\/media\/1195"}],"wp:attachment":[{"href":"http:\/\/www.projectesepia.com\/blog\/wp-json\/wp\/v2\/media?parent=1193"}],"wp:term":[{"taxonomy":"category","embeddable":true,"href":"http:\/\/www.projectesepia.com\/blog\/wp-json\/wp\/v2\/categories?post=1193"},{"taxonomy":"post_tag","embeddable":true,"href":"http:\/\/www.projectesepia.com\/blog\/wp-json\/wp\/v2\/tags?post=1193"}],"curies":[{"name":"wp","href":"https:\/\/api.w.org\/{rel}","templated":true}]}}