{"id":115,"date":"2018-06-27T10:59:21","date_gmt":"2018-06-27T10:59:21","guid":{"rendered":"http:\/\/www.projectesepia.com\/blog\/?p=115"},"modified":"2018-06-27T10:59:21","modified_gmt":"2018-06-27T10:59:21","slug":"projecte-sepia-a-lescola-ceip-empuries-lescala","status":"publish","type":"post","link":"http:\/\/www.projectesepia.com\/blog\/divulgacio\/projecte-sepia-a-lescola-ceip-empuries-lescala\/","title":{"rendered":"Projecte Sepia a l&#8217;escola: CEIP Empuries &#8211; L&#8217;Escala"},"content":{"rendered":"<p>Fa uns dies vam estar al CEIP Emp\u00faries de l&#8217;Escala (gr\u00e0cies al programa <a href=\"http:\/\/parcsnaturals.gencat.cat\/ca\/illes-medes\/visiteu-nos\/comunicacio-educacio-ambiental\/oferta-pedagogica\/\" target=\"_blank\">El Parc a l&#8217;Escola<\/a> del Parc Natural del Montgr\u00ed, Medes i Baix Ter), explicant als alumnes de cinqu\u00e8 el Projecte S\u00e8pia i el concepte de el mar com a rebost.<\/p>\n<p>Com podeu veure al v\u00eddeo, els va agradar tant que van acabar convertint-se en calamarcets.<\/p>\n<div style=\"width: 1080px;\" class=\"wp-video\"><!--[if lt IE 9]><script>document.createElement('video');<\/script><![endif]-->\n<video class=\"wp-video-shortcode\" id=\"video-115-1\" width=\"1080\" height=\"608\" preload=\"metadata\" controls=\"controls\"><source type=\"video\/mp4\" src=\"http:\/\/www.projectesepia.com\/blog\/wp-content\/uploads\/2018\/06\/ball_calamar.mp4?_=1\" \/><a href=\"http:\/\/www.projectesepia.com\/blog\/wp-content\/uploads\/2018\/06\/ball_calamar.mp4\">http:\/\/www.projectesepia.com\/blog\/wp-content\/uploads\/2018\/06\/ball_calamar.mp4<\/a><\/video><\/div>\n<p style=\"text-align: left;\">Si vols que Projecte S\u00e8pia vagi a la teva escola o institut envia&#8217;ns un email a:\u00a0<a href=\"mailto:projectesepia@gmail.com\">projectesepia@gmail.com<\/a>\u00a0o entra a la nostra <a href=\"http:\/\/www.projectesepia.com\/contacte.php\">web<\/a>.<\/p>\n","protected":false},"excerpt":{"rendered":"<p>Fa uns dies vam estar al CEIP Emp\u00faries de l&#8217;Escala (gr\u00e0cies al programa El Parc a l&#8217;Escola del Parc Natural del Montgr\u00ed, Medes i Baix Ter), explicant als alumnes de cinqu\u00e8 el Projecte S\u00e8pia i el concepte de el mar com a rebost. Com podeu veure al v\u00eddeo, els va agradar tant que van acabar [&hellip;]<\/p>\n","protected":false},"author":1,"featured_media":0,"comment_status":"open","ping_status":"open","sticky":false,"template":"","format":"video","meta":{"_et_pb_use_builder":"","_et_pb_old_content":"","_et_gb_content_width":"","footnotes":""},"categories":[5,4],"tags":[9,8,7,6],"aioseo_notices":[],"_links":{"self":[{"href":"http:\/\/www.projectesepia.com\/blog\/wp-json\/wp\/v2\/posts\/115"}],"collection":[{"href":"http:\/\/www.projectesepia.com\/blog\/wp-json\/wp\/v2\/posts"}],"about":[{"href":"http:\/\/www.projectesepia.com\/blog\/wp-json\/wp\/v2\/types\/post"}],"author":[{"embeddable":true,"href":"http:\/\/www.projectesepia.com\/blog\/wp-json\/wp\/v2\/users\/1"}],"replies":[{"embeddable":true,"href":"http:\/\/www.projectesepia.com\/blog\/wp-json\/wp\/v2\/comments?post=115"}],"version-history":[{"count":3,"href":"http:\/\/www.projectesepia.com\/blog\/wp-json\/wp\/v2\/posts\/115\/revisions"}],"predecessor-version":[{"id":119,"href":"http:\/\/www.projectesepia.com\/blog\/wp-json\/wp\/v2\/posts\/115\/revisions\/119"}],"wp:attachment":[{"href":"http:\/\/www.projectesepia.com\/blog\/wp-json\/wp\/v2\/media?parent=115"}],"wp:term":[{"taxonomy":"category","embeddable":true,"href":"http:\/\/www.projectesepia.com\/blog\/wp-json\/wp\/v2\/categories?post=115"},{"taxonomy":"post_tag","embeddable":true,"href":"http:\/\/www.projectesepia.com\/blog\/wp-json\/wp\/v2\/tags?post=115"}],"curies":[{"name":"wp","href":"https:\/\/api.w.org\/{rel}","templated":true}]}}